{"id":121692,"date":"2025-12-31T12:11:12","date_gmt":"2025-12-31T12:11:12","guid":{"rendered":"https:\/\/www.europesays.com\/se\/121692\/"},"modified":"2025-12-31T12:11:12","modified_gmt":"2025-12-31T12:11:12","slug":"bergstrom-gor-som-morfar-laser-nyarsklockan","status":"publish","type":"post","link":"https:\/\/www.europesays.com\/se\/121692\/","title":{"rendered":"Bergstr\u00f6m g\u00f6r som morfar \u2013 l\u00e4ser Ny\u00e5rsklockan"},"content":{"rendered":"<p>N\u00e4r det nya \u00e5ret i\u202fkv\u00e4ll rings in p\u00e5 Skansen i Stockholm \u00e4r det sk\u00e5despelaren Helena Bergstr\u00f6m som traditionsenligt l\u00e4ser Tennysons dikt \u201dNy\u00e5rsklockan\u201d. F\u00f6r Bergstr\u00f6m \u00e4r uppdraget speciellt, eftersom det var hennes morfar, dramatensk\u00e5despelaren Olof Widgren, som l\u00e4ste dikten mellan 1947 och 1955, skriver DN. <\/p>\n<p>\u2013 S\u00e5 det finns lite i familjen. Det \u00e4r n\u00e5gon cirkel som sluts, s\u00e4ger Bergstr\u00f6m. <\/p>\n<p>Hon ber\u00e4ttar att hon \u00f6vat p\u00e5 dikten under en resa till Italien, med m\u00e5let att hon ska kunna l\u00e4sa den om hon s\u00e5 blir v\u00e4ckt mitt i natten.<\/p>\n<p>Omni \u00e4r politiskt obundna och oberoende. Vi str\u00e4var efter att ge fler perspektiv p\u00e5 nyheterna. Har du fr\u00e5gor eller synpunkter kring v\u00e5r rapportering? <a href=\"https:\/\/omni.se\/bergstrom-gor-som-morfar-laser-nyarsklockan\/a\/mailto:redaktion@omni.se\" class=\"ArticleActions_contactLink__W2F1M\" rel=\"nofollow noopener\" target=\"_blank\">Kontakta redaktionen<\/a><\/p>\n","protected":false},"excerpt":{"rendered":"N\u00e4r det nya \u00e5ret i\u202fkv\u00e4ll rings in p\u00e5 Skansen i Stockholm \u00e4r det sk\u00e5despelaren Helena Bergstr\u00f6m som traditionsenligt&hellip;\n","protected":false},"author":2,"featured_media":121693,"comment_status":"","ping_status":"","sticky":false,"template":"","format":"standard","meta":{"footnotes":""},"categories":[67],"tags":[104,168,11927,34,31,33,32,30,105],"class_list":{"0":"post-121692","1":"post","2":"type-post","3":"status-publish","4":"format-standard","5":"has-post-thumbnail","7":"category-underhallning","8":"tag-entertainment","9":"tag-film-tv","10":"tag-helena-bergstrom","11":"tag-se","12":"tag-svenska","13":"tag-sverige","14":"tag-sweden","15":"tag-swedish","16":"tag-underhallning"},"share_on_mastodon":{"url":"https:\/\/pubeurope.com\/@se\/115814117122021115","error":""},"_links":{"self":[{"href":"https:\/\/www.europesays.com\/se\/wp-json\/wp\/v2\/posts\/121692","targetHints":{"allow":["GET"]}}],"collection":[{"href":"https:\/\/www.europesays.com\/se\/wp-json\/wp\/v2\/posts"}],"about":[{"href":"https:\/\/www.europesays.com\/se\/wp-json\/wp\/v2\/types\/post"}],"author":[{"embeddable":true,"href":"https:\/\/www.europesays.com\/se\/wp-json\/wp\/v2\/users\/2"}],"replies":[{"embeddable":true,"href":"https:\/\/www.europesays.com\/se\/wp-json\/wp\/v2\/comments?post=121692"}],"version-history":[{"count":0,"href":"https:\/\/www.europesays.com\/se\/wp-json\/wp\/v2\/posts\/121692\/revisions"}],"wp:featuredmedia":[{"embeddable":true,"href":"https:\/\/www.europesays.com\/se\/wp-json\/wp\/v2\/media\/121693"}],"wp:attachment":[{"href":"https:\/\/www.europesays.com\/se\/wp-json\/wp\/v2\/media?parent=121692"}],"wp:term":[{"taxonomy":"category","embeddable":true,"href":"https:\/\/www.europesays.com\/se\/wp-json\/wp\/v2\/categories?post=121692"},{"taxonomy":"post_tag","embeddable":true,"href":"https:\/\/www.europesays.com\/se\/wp-json\/wp\/v2\/tags?post=121692"}],"curies":[{"name":"wp","href":"https:\/\/api.w.org\/{rel}","templated":true}]}}