{"id":121694,"date":"2025-12-31T12:14:06","date_gmt":"2025-12-31T12:14:06","guid":{"rendered":"https:\/\/www.europesays.com\/se\/121694\/"},"modified":"2025-12-31T12:14:06","modified_gmt":"2025-12-31T12:14:06","slug":"ytterligare-52-miljoner-epsteindokument-granskas","status":"publish","type":"post","link":"https:\/\/www.europesays.com\/se\/121694\/","title":{"rendered":"Ytterligare 5,2 miljoner Epsteindokument granskas"},"content":{"rendered":"<p>Det finns 5,2 miljoner sidor Epsteindokument kvar att granska, uppger det amerikanska justitiedepartementet. <\/p>\n<p>Det kommer att beh\u00f6vas 400 advokater f\u00f6r att granska dokumenten fram till i slutet av januari, enligt ett regeringsdokument som nyhetsbyr\u00e5n Reuters har tagit del av. <\/p>\n<p>Kongressen har tidigare utf\u00e4rdat ett lagkrav om att alla dokument kopplade till utredningen av sexf\u00f6rbrytaren Jeffrey Epstein skulle offentligg\u00f6ras senast den 19 december, och processen att publicera samtliga dokument har kritiserats f\u00f6r att g\u00e5 f\u00f6r l\u00e5ngsamt. <\/p>\n","protected":false},"excerpt":{"rendered":"Det finns 5,2 miljoner sidor Epsteindokument kvar att granska, uppger det amerikanska justitiedepartementet. Det kommer att beh\u00f6vas 400&hellip;\n","protected":false},"author":2,"featured_media":793,"comment_status":"","ping_status":"","sticky":false,"template":"","format":"standard","meta":{"footnotes":""},"categories":[14],"tags":[22,23,26,27,17,21,24,25,28,29,15,16,18,34,31,33,32,30,19,20,51,52,53,54],"class_list":{"0":"post-121694","1":"post","2":"type-post","3":"status-publish","4":"format-standard","5":"has-post-thumbnail","7":"category-varlden","8":"tag-breaking-news","9":"tag-breakingnews","10":"tag-featured-news","11":"tag-featurednews","12":"tag-headlines","13":"tag-huvudnyheter","14":"tag-latest-news","15":"tag-latestnews","16":"tag-main-news","17":"tag-mainnews","18":"tag-news","19":"tag-nyheter","20":"tag-rubriker","21":"tag-se","22":"tag-svenska","23":"tag-sverige","24":"tag-sweden","25":"tag-swedish","26":"tag-top-stories","27":"tag-topstories","28":"tag-varlden","29":"tag-world","30":"tag-world-news","31":"tag-worldnews"},"share_on_mastodon":{"url":"https:\/\/pubeurope.com\/@se\/115814128830714136","error":""},"_links":{"self":[{"href":"https:\/\/www.europesays.com\/se\/wp-json\/wp\/v2\/posts\/121694","targetHints":{"allow":["GET"]}}],"collection":[{"href":"https:\/\/www.europesays.com\/se\/wp-json\/wp\/v2\/posts"}],"about":[{"href":"https:\/\/www.europesays.com\/se\/wp-json\/wp\/v2\/types\/post"}],"author":[{"embeddable":true,"href":"https:\/\/www.europesays.com\/se\/wp-json\/wp\/v2\/users\/2"}],"replies":[{"embeddable":true,"href":"https:\/\/www.europesays.com\/se\/wp-json\/wp\/v2\/comments?post=121694"}],"version-history":[{"count":0,"href":"https:\/\/www.europesays.com\/se\/wp-json\/wp\/v2\/posts\/121694\/revisions"}],"wp:featuredmedia":[{"embeddable":true,"href":"https:\/\/www.europesays.com\/se\/wp-json\/wp\/v2\/media\/793"}],"wp:attachment":[{"href":"https:\/\/www.europesays.com\/se\/wp-json\/wp\/v2\/media?parent=121694"}],"wp:term":[{"taxonomy":"category","embeddable":true,"href":"https:\/\/www.europesays.com\/se\/wp-json\/wp\/v2\/categories?post=121694"},{"taxonomy":"post_tag","embeddable":true,"href":"https:\/\/www.europesays.com\/se\/wp-json\/wp\/v2\/tags?post=121694"}],"curies":[{"name":"wp","href":"https:\/\/api.w.org\/{rel}","templated":true}]}}