{"id":121703,"date":"2025-12-31T12:22:16","date_gmt":"2025-12-31T12:22:16","guid":{"rendered":"https:\/\/www.europesays.com\/se\/121703\/"},"modified":"2025-12-31T12:22:16","modified_gmt":"2025-12-31T12:22:16","slug":"bebis-foddes-utanfor-livmoder","status":"publish","type":"post","link":"https:\/\/www.europesays.com\/se\/121703\/","title":{"rendered":"Bebis f\u00f6ddes utanf\u00f6r livmoder"},"content":{"rendered":"<p>Den 41-\u00e5riga sjuksk\u00f6terskan Suze Lopez f\u00f6dde sitt andra barn Ryu i augusti i \u00e5r. Men det gick inte till som vanligt. Hon f\u00f6dde p\u00e5 ett s\u00e5 ovanligt s\u00e4tt att l\u00e4kare nu vill publicera fallet i medicinska tidsskrifter, skriver AP.<\/p>\n<p>Sonen v\u00e4xte utanf\u00f6r sin mammas livmoder, bakom en cysta p\u00e5 hennes \u00e4ggstock \u2013 lika stor som en basketboll.<\/p>\n<p><strong>Det var f\u00f6rst<\/strong> n\u00e4r hon s\u00f6kte v\u00e5rd f\u00f6r den allt mer intensiva sm\u00e4rtan cystan gav, som hennes graviditet uppt\u00e4cktes av l\u00e4karna. Det var bara n\u00e5gra dagar innan f\u00f6rlossningen.<\/p>\n<p>Fostret var d\u00e5 n\u00e4stan f\u00e4rdigutvecklat \u2013 trots att livmodern var tom. Bara en av 30 000 graviditeter \u00e4ger rum i buken i st\u00e4llet f\u00f6r livmodern, skriver AP.<\/p>\n<p>          <img decoding=\"async\" class=\"picture__img\" src=\"https:\/\/www.europesays.com\/se\/wp-content\/uploads\/2025\/12\/f81a7ea9-f30f-481a-b4ea-920a2ef02f33.jpeg\"   alt=\"Sonen Ryu, d\u00f6pt efter en basebollspelare.\"\/><\/p>\n<p>      Sonen Ryu, d\u00f6pt efter en basebollspelare.<\/p>\n<p>      Foto: Privat\/AP<\/p>\n<p>N\u00e4stan alla graviditeter d\u00e4r det befruktade \u00e4gget fastnar utanf\u00f6r livmodern \u2013 s\u00e5 kallade utomkvedshavandeskap \u2013 leder till bristningar och bl\u00f6dningar om de inte tas bort. F\u00e5 foster \u00f6verlever, menar Cedars-Sinaisjukhusets f\u00f6rlossningsv\u00e5rdschef John Ozimek.<\/p>\n<p>\u2013 L\u00e5ngt, l\u00e5ngt f\u00e4rre \u00e4n en p\u00e5 miljonen. Jag menar, det h\u00e4r \u00e4r verkligen galet.<\/p>\n<p><strong>Lopez upplevde inga<\/strong> av de vanliga graviditetssymtomen, som illam\u00e5ende \u2013 och k\u00e4nde aldrig n\u00e5gra sparkar i magen fr\u00e5n bebisen. Hennes mens var oregelbunden och uteblev vissa m\u00e5nader.<\/p>\n<p>Hon och henens man levde livet som vanligt och reste, utan vetskap om graviditeten.<\/p>\n<p><strong>Barnets placering ledde<\/strong> till en sv\u00e5r f\u00f6rlossning, d\u00e4r Suze Lopez f\u00f6rlorade v\u00e4ldigt mycket blod. Men b\u00e5de hon och barnet klarade sig bra. Fostret hade inte st\u00f6rt n\u00e5gra organ.<\/p>\n<p>\u2013 Jag tror verkligen p\u00e5 mirakel, sa Lopez sj\u00e4lv efter att sonen f\u00f6tts.<\/p>\n","protected":false},"excerpt":{"rendered":"Den 41-\u00e5riga sjuksk\u00f6terskan Suze Lopez f\u00f6dde sitt andra barn Ryu i augusti i \u00e5r. Men det gick inte&hellip;\n","protected":false},"author":2,"featured_media":121704,"comment_status":"","ping_status":"","sticky":false,"template":"","format":"standard","meta":{"footnotes":""},"categories":[14],"tags":[22,23,26,27,17,21,24,25,28,29,15,16,18,34,31,33,32,30,19,20,51,52,53,54],"class_list":{"0":"post-121703","1":"post","2":"type-post","3":"status-publish","4":"format-standard","5":"has-post-thumbnail","7":"category-varlden","8":"tag-breaking-news","9":"tag-breakingnews","10":"tag-featured-news","11":"tag-featurednews","12":"tag-headlines","13":"tag-huvudnyheter","14":"tag-latest-news","15":"tag-latestnews","16":"tag-main-news","17":"tag-mainnews","18":"tag-news","19":"tag-nyheter","20":"tag-rubriker","21":"tag-se","22":"tag-svenska","23":"tag-sverige","24":"tag-sweden","25":"tag-swedish","26":"tag-top-stories","27":"tag-topstories","28":"tag-varlden","29":"tag-world","30":"tag-world-news","31":"tag-worldnews"},"share_on_mastodon":{"url":"https:\/\/pubeurope.com\/@se\/115814160288127044","error":""},"_links":{"self":[{"href":"https:\/\/www.europesays.com\/se\/wp-json\/wp\/v2\/posts\/121703","targetHints":{"allow":["GET"]}}],"collection":[{"href":"https:\/\/www.europesays.com\/se\/wp-json\/wp\/v2\/posts"}],"about":[{"href":"https:\/\/www.europesays.com\/se\/wp-json\/wp\/v2\/types\/post"}],"author":[{"embeddable":true,"href":"https:\/\/www.europesays.com\/se\/wp-json\/wp\/v2\/users\/2"}],"replies":[{"embeddable":true,"href":"https:\/\/www.europesays.com\/se\/wp-json\/wp\/v2\/comments?post=121703"}],"version-history":[{"count":0,"href":"https:\/\/www.europesays.com\/se\/wp-json\/wp\/v2\/posts\/121703\/revisions"}],"wp:featuredmedia":[{"embeddable":true,"href":"https:\/\/www.europesays.com\/se\/wp-json\/wp\/v2\/media\/121704"}],"wp:attachment":[{"href":"https:\/\/www.europesays.com\/se\/wp-json\/wp\/v2\/media?parent=121703"}],"wp:term":[{"taxonomy":"category","embeddable":true,"href":"https:\/\/www.europesays.com\/se\/wp-json\/wp\/v2\/categories?post=121703"},{"taxonomy":"post_tag","embeddable":true,"href":"https:\/\/www.europesays.com\/se\/wp-json\/wp\/v2\/tags?post=121703"}],"curies":[{"name":"wp","href":"https:\/\/api.w.org\/{rel}","templated":true}]}}