{"id":121705,"date":"2025-12-31T12:24:05","date_gmt":"2025-12-31T12:24:05","guid":{"rendered":"https:\/\/www.europesays.com\/se\/121705\/"},"modified":"2025-12-31T12:24:05","modified_gmt":"2025-12-31T12:24:05","slug":"smhi-rod-vadervarning-i-gavleborg","status":"publish","type":"post","link":"https:\/\/www.europesays.com\/se\/121705\/","title":{"rendered":"SMHI: R\u00f6d v\u00e4dervarning i G\u00e4vleborg"},"content":{"rendered":"<p>Extremt stora sn\u00f6m\u00e4ngder v\u00e4ntas falla i G\u00e4vleborg. Samtidigt ska det bli bl\u00e5sigt med risk f\u00f6r kraftig drivbildning, n\u00e5got som kan inneb\u00e4ra att \u201dv\u00e4garna blir helt oframkomliga\u201d. <\/p>\n<p>Varningen b\u00f6rjar g\u00e4lla den 1 januari klockan 15 och str\u00e4cker sig till den 2 januari klockan 07 och det finns risk att 4-6 dm sn\u00f6 faller fram till fredagsmorgonen.<\/p>\n<p>Ov\u00e4dret som drar in \u00f6ver stora delar av Sverige under ny\u00e5rsdagen har d\u00f6pts till Anna och s\u00e4rskilt ser G\u00e4vleborgs l\u00e4n ut att drabbas av sn\u00f6 och bl\u00e5st.<\/p>\n<p>Ytterligare varningar<\/p>\n<p>Under torsdagen v\u00e4ntas ytterligare sn\u00f6fall i kombination med vind i S\u00f6dra Norrlands kustland och SMHI har utf\u00e4rdat en orange varning, fram till fredag morgon v\u00e4ntas 2-4 dm sn\u00f6, lokalt omkring 5 dm.<\/p>\n<p>\u00c4ven stora delar av \u00f6stra Svealand, sydligaste Norrland, stora delar av G\u00f6taland, Bottenhavet, sk\u00e4rg\u00e5rdshavet, \u00d6lands hav, \u00d6stersj\u00f6n, Finska viken, V\u00e4nern, \u00d6resund och Gotland omfattas av gul varning, med risk f\u00f6r stort sn\u00f6fall och pl\u00f6tslig ishalka.<\/p>\n<p>Texten uppdateras.<\/p>\n","protected":false},"excerpt":{"rendered":"Extremt stora sn\u00f6m\u00e4ngder v\u00e4ntas falla i G\u00e4vleborg. Samtidigt ska det bli bl\u00e5sigt med risk f\u00f6r kraftig drivbildning, n\u00e5got&hellip;\n","protected":false},"author":2,"featured_media":121706,"comment_status":"","ping_status":"","sticky":false,"template":"","format":"standard","meta":{"footnotes":""},"categories":[5],"tags":[22,23,26,27,17,21,24,25,28,29,15,16,18,34,31,33,32,30,19,20],"class_list":{"0":"post-121705","1":"post","2":"type-post","3":"status-publish","4":"format-standard","5":"has-post-thumbnail","7":"category-rubriker","8":"tag-breaking-news","9":"tag-breakingnews","10":"tag-featured-news","11":"tag-featurednews","12":"tag-headlines","13":"tag-huvudnyheter","14":"tag-latest-news","15":"tag-latestnews","16":"tag-main-news","17":"tag-mainnews","18":"tag-news","19":"tag-nyheter","20":"tag-rubriker","21":"tag-se","22":"tag-svenska","23":"tag-sverige","24":"tag-sweden","25":"tag-swedish","26":"tag-top-stories","27":"tag-topstories"},"share_on_mastodon":{"url":"https:\/\/pubeurope.com\/@se\/115814168211029920","error":""},"_links":{"self":[{"href":"https:\/\/www.europesays.com\/se\/wp-json\/wp\/v2\/posts\/121705","targetHints":{"allow":["GET"]}}],"collection":[{"href":"https:\/\/www.europesays.com\/se\/wp-json\/wp\/v2\/posts"}],"about":[{"href":"https:\/\/www.europesays.com\/se\/wp-json\/wp\/v2\/types\/post"}],"author":[{"embeddable":true,"href":"https:\/\/www.europesays.com\/se\/wp-json\/wp\/v2\/users\/2"}],"replies":[{"embeddable":true,"href":"https:\/\/www.europesays.com\/se\/wp-json\/wp\/v2\/comments?post=121705"}],"version-history":[{"count":0,"href":"https:\/\/www.europesays.com\/se\/wp-json\/wp\/v2\/posts\/121705\/revisions"}],"wp:featuredmedia":[{"embeddable":true,"href":"https:\/\/www.europesays.com\/se\/wp-json\/wp\/v2\/media\/121706"}],"wp:attachment":[{"href":"https:\/\/www.europesays.com\/se\/wp-json\/wp\/v2\/media?parent=121705"}],"wp:term":[{"taxonomy":"category","embeddable":true,"href":"https:\/\/www.europesays.com\/se\/wp-json\/wp\/v2\/categories?post=121705"},{"taxonomy":"post_tag","embeddable":true,"href":"https:\/\/www.europesays.com\/se\/wp-json\/wp\/v2\/tags?post=121705"}],"curies":[{"name":"wp","href":"https:\/\/api.w.org\/{rel}","templated":true}]}}