{"id":121713,"date":"2025-12-31T12:39:07","date_gmt":"2025-12-31T12:39:07","guid":{"rendered":"https:\/\/www.europesays.com\/se\/121713\/"},"modified":"2025-12-31T12:39:07","modified_gmt":"2025-12-31T12:39:07","slug":"ryssland-publicerar-video-av-pastadd-dronarattack-hufvudstadsbladet","status":"publish","type":"post","link":"https:\/\/www.europesays.com\/se\/121713\/","title":{"rendered":"Ryssland publicerar video av p\u00e5st\u00e5dd dr\u00f6narattack &#8211; Hufvudstadsbladet"},"content":{"rendered":"<ol>\n<li><a href=\"https:\/\/news.google.com\/rss\/articles\/CBMigwFBVV95cUxNV1VWN2NJekgtaUlMNzIybm5Db0FRTFExMFFPWHRKcThnM0d5Y2V0RXQ0VG8xWk1xMURiUTQyQzE5YmtvSHhKdmNWcEYzT2g5dkZucm1HM0NXOW4yTkJ3NFh1S3BfZW90NnBZNkhUQ0ZWZkxhTGp1YUpDZWdsaWpOYXdlUQ?oc=5\" target=\"_blank\" rel=\"nofollow noopener\">Ryssland publicerar video av p\u00e5st\u00e5dd dr\u00f6narattack<\/a>&nbsp;&nbsp;Hufvudstadsbladet<\/li>\n<li><a href=\"https:\/\/news.google.com\/rss\/articles\/CBMikAFBVV95cUxOMXptckdlck5qREJvWVRlTHpITEtMbkstQ0E2N1E3YXFtci1ZWnVUWTk2OHMtMFZMY0kxVHFhbkFTSzhiTXI4NXhVXzR1VWtBbjJITDJGM2tpOGtacDNSMnlBRjdibE5WcGFOQjhPaW9HSERQTjNBeDZaeVBFY0FueVpRVzlLbllSbHUtZDVmamQ?oc=5\" target=\"_blank\" rel=\"nofollow noopener\">Ryssland: Sk\u00e4rper tonen efter p\u00e5st\u00e5dd attack<\/a>&nbsp;&nbsp;Aftonbladet<\/li>\n<li><a href=\"https:\/\/news.google.com\/rss\/articles\/CBMihAFBVV95cUxOcWV5WDMxUlNVNUh6ektYTDlIQkNkYUNWdjcwclJiRXpVc1dHeE4xdGY4TjY4WFFyVjNMblF4WUhFVWJ1Vjc1MWZSS3VDeWlVZXAxV1Z1aTVHbjczMGJVdW0yT1VlenpfM0hCcC11R3hPMUlLRUhYMWI3bGJ6dGdHeWNwYWY?oc=5\" target=\"_blank\" rel=\"nofollow noopener\">Inga bevis f\u00f6r ukrainsk attack mot Putins hus<\/a>&nbsp;&nbsp;Expressen<\/li>\n<li><a href=\"https:\/\/news.google.com\/rss\/articles\/CBMioAFBVV95cUxNSG5UZElMMVNVNlhkQzNmUDU1SGFwVlRNV0swQl9zUU5rcUlfaXN4M0FsSEZ6ckxDc0ZtUVpmNFN6ZzAtUXZFWmdEdU1JM2wyS2JJeDNtNUJjaE9JQUxXUkthWXhNVVFQZUNnek16Z0NiQzItVmVnR0pnQ2VSOHlmVDhGTldIaDhfcUtZSXdhTjVQakxDVGdycjJqWUd5Mzdn?oc=5\" target=\"_blank\" rel=\"nofollow noopener\">Ryssland h\u00f6jer tonl\u00e4get efter m\u00f6tet mellan Trump och Zelenskyj<\/a>&nbsp;&nbsp;Sveriges Radio<\/li>\n<li><a href=\"https:\/\/news.google.com\/rss\/articles\/CBMipAFBVV95cUxNTHYwX2lEOWkxaHNGZWlFbkRHTUpyTHhrQ1ZzZE1saHJJclhURjRzZ0JpeTdKN2VLTV9oa1VnU3F5aVFDaE9CSzZpeGtaTi1VdVJZbUtsMTh3VUhwTmx2NXZpVEpQZXJiUjlQQzV4NkpCd0o1akdsclp3LXQxRjRZbnp6M09RMGxJZEVqQm5rOXc5aE1KRXV6RHZENTF0TER0Wm9LXw?oc=5\" target=\"_blank\" rel=\"nofollow noopener\">Bevis saknas f\u00f6r p\u00e5st\u00e5dd attack mot Putins residens<\/a>&nbsp;&nbsp;Kvartal<\/li>\n<\/ol>\n","protected":false},"excerpt":{"rendered":"Ryssland publicerar video av p\u00e5st\u00e5dd dr\u00f6narattack&nbsp;&nbsp;Hufvudstadsbladet Ryssland: Sk\u00e4rper tonen efter p\u00e5st\u00e5dd attack&nbsp;&nbsp;Aftonbladet Inga bevis f\u00f6r ukrainsk attack mot&hellip;\n","protected":false},"author":2,"featured_media":121714,"comment_status":"","ping_status":"","sticky":false,"template":"","format":"standard","meta":{"footnotes":""},"categories":[14],"tags":[22,23,26,27,17,21,24,25,28,29,15,16,18,34,31,33,32,30,19,20,51,52,53,54],"class_list":{"0":"post-121713","1":"post","2":"type-post","3":"status-publish","4":"format-standard","5":"has-post-thumbnail","7":"category-varlden","8":"tag-breaking-news","9":"tag-breakingnews","10":"tag-featured-news","11":"tag-featurednews","12":"tag-headlines","13":"tag-huvudnyheter","14":"tag-latest-news","15":"tag-latestnews","16":"tag-main-news","17":"tag-mainnews","18":"tag-news","19":"tag-nyheter","20":"tag-rubriker","21":"tag-se","22":"tag-svenska","23":"tag-sverige","24":"tag-sweden","25":"tag-swedish","26":"tag-top-stories","27":"tag-topstories","28":"tag-varlden","29":"tag-world","30":"tag-world-news","31":"tag-worldnews"},"share_on_mastodon":{"url":"https:\/\/pubeurope.com\/@se\/115814227160493798","error":""},"_links":{"self":[{"href":"https:\/\/www.europesays.com\/se\/wp-json\/wp\/v2\/posts\/121713","targetHints":{"allow":["GET"]}}],"collection":[{"href":"https:\/\/www.europesays.com\/se\/wp-json\/wp\/v2\/posts"}],"about":[{"href":"https:\/\/www.europesays.com\/se\/wp-json\/wp\/v2\/types\/post"}],"author":[{"embeddable":true,"href":"https:\/\/www.europesays.com\/se\/wp-json\/wp\/v2\/users\/2"}],"replies":[{"embeddable":true,"href":"https:\/\/www.europesays.com\/se\/wp-json\/wp\/v2\/comments?post=121713"}],"version-history":[{"count":0,"href":"https:\/\/www.europesays.com\/se\/wp-json\/wp\/v2\/posts\/121713\/revisions"}],"wp:featuredmedia":[{"embeddable":true,"href":"https:\/\/www.europesays.com\/se\/wp-json\/wp\/v2\/media\/121714"}],"wp:attachment":[{"href":"https:\/\/www.europesays.com\/se\/wp-json\/wp\/v2\/media?parent=121713"}],"wp:term":[{"taxonomy":"category","embeddable":true,"href":"https:\/\/www.europesays.com\/se\/wp-json\/wp\/v2\/categories?post=121713"},{"taxonomy":"post_tag","embeddable":true,"href":"https:\/\/www.europesays.com\/se\/wp-json\/wp\/v2\/tags?post=121713"}],"curies":[{"name":"wp","href":"https:\/\/api.w.org\/{rel}","templated":true}]}}