{"id":121715,"date":"2025-12-31T12:41:06","date_gmt":"2025-12-31T12:41:06","guid":{"rendered":"https:\/\/www.europesays.com\/se\/121715\/"},"modified":"2025-12-31T12:41:06","modified_gmt":"2025-12-31T12:41:06","slug":"kina-drar-sig-tillbaka-efter-ovning-runt-taiwan","status":"publish","type":"post","link":"https:\/\/www.europesays.com\/se\/121715\/","title":{"rendered":"Kina drar sig tillbaka efter \u00f6vning runt Taiwan"},"content":{"rendered":"<p><strong>Kina har l\u00e5tit <\/strong>minst 130 stridsflygplan flyga runt Taiwan och dussintals krigsfartyg har navigerat i vattnen utanf\u00f6r den sj\u00e4lvstyrande \u00f6n.<\/p>\n<p>Kinas arm\u00e9 och de s\u00e5 kallade raketstyrkorna som hanterar landets ballistiska robotar och kryssningsrobotar har deltagit under \u00f6vningen som inleddes i m\u00e5ndags.<\/p>\n<p>Kina meddelar p\u00e5 onsdagen att landet \u201dframg\u00e5ngsrikt har slutf\u00f6rt\u201d \u00f6vningen, som bland annat uppges ha innefattat tr\u00e4ning med skarp ammunition och hade som m\u00e5l att simulera en blockad av hamnar och attacker mot maritima m\u00e5l.<\/p>\n<p><strong>Enligt uttalandet ska<\/strong> Kinas milit\u00e4r forts\u00e4tta att \u00f6va f\u00f6r att \u201dresolut motverka f\u00f6rs\u00f6ken\u201d fr\u00e5n bland annat Taiwans \u201dsj\u00e4lvst\u00e4ndighetsseparatister\u201d och extern inblandning.<\/p>\n","protected":false},"excerpt":{"rendered":"Kina har l\u00e5tit minst 130 stridsflygplan flyga runt Taiwan och dussintals krigsfartyg har navigerat i vattnen utanf\u00f6r den&hellip;\n","protected":false},"author":2,"featured_media":121716,"comment_status":"","ping_status":"","sticky":false,"template":"","format":"standard","meta":{"footnotes":""},"categories":[5],"tags":[22,23,26,27,17,21,24,25,28,29,15,16,18,34,31,33,32,30,19,20],"class_list":{"0":"post-121715","1":"post","2":"type-post","3":"status-publish","4":"format-standard","5":"has-post-thumbnail","7":"category-rubriker","8":"tag-breaking-news","9":"tag-breakingnews","10":"tag-featured-news","11":"tag-featurednews","12":"tag-headlines","13":"tag-huvudnyheter","14":"tag-latest-news","15":"tag-latestnews","16":"tag-main-news","17":"tag-mainnews","18":"tag-news","19":"tag-nyheter","20":"tag-rubriker","21":"tag-se","22":"tag-svenska","23":"tag-sverige","24":"tag-sweden","25":"tag-swedish","26":"tag-top-stories","27":"tag-topstories"},"share_on_mastodon":{"url":"https:\/\/pubeurope.com\/@se\/115814234988413839","error":""},"_links":{"self":[{"href":"https:\/\/www.europesays.com\/se\/wp-json\/wp\/v2\/posts\/121715","targetHints":{"allow":["GET"]}}],"collection":[{"href":"https:\/\/www.europesays.com\/se\/wp-json\/wp\/v2\/posts"}],"about":[{"href":"https:\/\/www.europesays.com\/se\/wp-json\/wp\/v2\/types\/post"}],"author":[{"embeddable":true,"href":"https:\/\/www.europesays.com\/se\/wp-json\/wp\/v2\/users\/2"}],"replies":[{"embeddable":true,"href":"https:\/\/www.europesays.com\/se\/wp-json\/wp\/v2\/comments?post=121715"}],"version-history":[{"count":0,"href":"https:\/\/www.europesays.com\/se\/wp-json\/wp\/v2\/posts\/121715\/revisions"}],"wp:featuredmedia":[{"embeddable":true,"href":"https:\/\/www.europesays.com\/se\/wp-json\/wp\/v2\/media\/121716"}],"wp:attachment":[{"href":"https:\/\/www.europesays.com\/se\/wp-json\/wp\/v2\/media?parent=121715"}],"wp:term":[{"taxonomy":"category","embeddable":true,"href":"https:\/\/www.europesays.com\/se\/wp-json\/wp\/v2\/categories?post=121715"},{"taxonomy":"post_tag","embeddable":true,"href":"https:\/\/www.europesays.com\/se\/wp-json\/wp\/v2\/tags?post=121715"}],"curies":[{"name":"wp","href":"https:\/\/api.w.org\/{rel}","templated":true}]}}