{"id":121719,"date":"2025-12-31T12:44:12","date_gmt":"2025-12-31T12:44:12","guid":{"rendered":"https:\/\/www.europesays.com\/se\/121719\/"},"modified":"2025-12-31T12:44:12","modified_gmt":"2025-12-31T12:44:12","slug":"galen-oppning-pa-tv-aret-hela-12-nya-tv-serier-du-inte-vill-missa-i-januari","status":"publish","type":"post","link":"https:\/\/www.europesays.com\/se\/121719\/","title":{"rendered":"Galen \u00f6ppning p\u00e5 tv-\u00e5ret! Hela 12 nya tv-serier du inte vill missa i januari"},"content":{"rendered":"<p>Det \u00e4r en helt otroligt stark \u00f6ppning p\u00e5 2026 n\u00e4r det kommer till tv-serier. I vanliga fall brukar \u00e5rets f\u00f6rsta m\u00e5nad ha n\u00e5gra veckor av lugn innan tv-\u00e5ret drar ig\u00e5ng p\u00e5 allvar, men det verkar som att n\u00e5gon missade att informera streamingtj\u00e4nsterna om det den h\u00e4r g\u00e5ngen. <\/p>\n<p>Bland m\u00e5nadens \u00e5terkommande serier har vi givetvis den efterl\u00e4ngtade seriefinalen av \u201dStranger Things\u201d som inleder \u00e5ret redan p\u00e5 ny\u00e5rsdagen. Men m\u00e5naden bjuder \u00e4ven p\u00e5 nya s\u00e4songer av hyllade \u201dThe Pitt\u201d (HBO Max, 9 januari), \u201dIndustry\u201d (HBO Max, 12 januari), \u201dHijack\u201d (Apple TV, 14 januari), \u201dShrinking\u201d (Apple TV, 28 januari), \u201dBridgerton\u201d (Netflix, 29 januari) samt \u201dThe Night Manager\u201d (Prime Video, 11 januari) som \u00e5terv\u00e4nder hela \u00e5tta \u00e5r efter f\u00f6rra s\u00e4songen.<\/p>\n<p>I den h\u00e4r artikeln kommer jag d\u00e4remot att lyfta fram de helt nya tv-serierna som inviger 2026:<\/p>\n<p>\u201dInte ett ord\u201d\/\u201dRun Away\u201d (Netflix) \u2013 1 januari<\/p>\n<p><img loading=\"lazy\" decoding=\"async\" alt=\"YouTube video\" width=\"480\" height=\"360\" data-pin-nopin=\"true\" nopin=\"nopin\" class=\"perfmatters-lazy\" src=\"https:\/\/www.europesays.com\/se\/wp-content\/uploads\/2025\/12\/1767185047_581_hqdefault.jpg\"\/><\/p>\n<p>Det har blivit lite av en tradition att inleda det nya \u00e5ret med en sp\u00e4nnande <strong>Harlan Coben<\/strong>-adaption hos Netflix. N\u00e5gon \u00e4r d\u00f6d eller f\u00f6rsvunnen och mysteriet beh\u00f6ver l\u00f6sas. I fallet med \u201dInte ett ord\u201d \u00e4r det en dotter som f\u00f6rsvunnit efter att hennes pojkv\u00e4n f\u00e5tt henne att b\u00f6rja med droger. N\u00e4r pappan \u00e4ntligen hittar henne s\u00e5 utbryter ett stort br\u00e5k som f\u00e5r henne att f\u00f6rsvinna igen. Vilket blir ing\u00e5ngen f\u00f6r oss tittare i det h\u00e4r senaste mysteriet.<\/p>\n<p>\u201dSynden\u201d (Netflix) \u2013 2 januari<\/p>\n<p><img loading=\"lazy\" decoding=\"async\" alt=\"YouTube video\" width=\"480\" height=\"360\" data-pin-nopin=\"true\" nopin=\"nopin\" class=\"perfmatters-lazy\" src=\"https:\/\/www.europesays.com\/se\/wp-content\/uploads\/2025\/12\/1767185047_350_hqdefault.jpg\"\/><\/p>\n<p>Manusf\u00f6rfattaren och regiss\u00f6ren <strong>Peter Gr\u00f6nlund <\/strong>brukar inte direkt spruta ur sig nya projekt. Men efter titlar som \u201dTjuvheder\u201d, \u201dGoliat\u201d och \u201dBj\u00f6rnstad\u201d s\u00e5 r\u00e5der det ingen tvekan om att karln har en f\u00f6rm\u00e5ga att hitta intressanta sk\u00e5despelare som \u00e4r helt perfekta i sina roller. Den h\u00e4r g\u00e5ngen kretsar ber\u00e4ttelsen kring en mordutredare som ger sig in i en utredning hon har alldeles f\u00f6r starka personliga anknytningar till. Det g\u00f6r att hon hamnar mitt i en stor sl\u00e4ktfejd, som f\u00e5tt nytt liv i samband med f\u00f6rsvinnandet av den ena familjens \u00e4ldsta son.<\/p>\n<p>\u201dAmadeus\u201d (SkyShowtime) \u2013 2 januari<\/p>\n<p><img loading=\"lazy\" decoding=\"async\" alt=\"YouTube video\" width=\"480\" height=\"360\" data-pin-nopin=\"true\" nopin=\"nopin\" class=\"perfmatters-lazy\" src=\"https:\/\/www.europesays.com\/se\/wp-content\/uploads\/2025\/12\/1767185047_497_hqdefault.jpg\"\/><\/p>\n<p><strong>Will Sharpe<\/strong> axlar huvudrollen som Wolfgang Amadeus Mozart medan <strong>Paul Bettany<\/strong> kliver in i rollen som Antonio Salieri. Nu har det allts\u00e5 blivit dags f\u00f6r tv-versionen av den fantastiska l\u00e5ngfilmen \u201dAmadeus\u201d fr\u00e5n 1984. <\/p>\n<p>\u201dHis &amp; Hers\u201d (Netflix) \u2013 8 januari<\/p>\n<p><img loading=\"lazy\" decoding=\"async\" alt=\"YouTube video\" width=\"480\" height=\"360\" data-pin-nopin=\"true\" nopin=\"nopin\" class=\"perfmatters-lazy\" src=\"https:\/\/www.europesays.com\/se\/wp-content\/uploads\/2025\/12\/1767185048_324_hqdefault.jpg\"\/><\/p>\n<p><strong>Jon Bernthal<\/strong> och <strong>Tessa Thompson<\/strong> spelar ett gift par, som av olika anledningar g\u00e5tt skilda v\u00e4gar och pl\u00f6tsligt beh\u00f6ver b\u00f6rja utreda samma mordfall. Bernthal spelar en n\u00e4mligen mordutredare i en mindre ort d\u00e4r alla k\u00e4nner alla, medan Thompson spelar en reporter vid omr\u00e5dets lokala nyhetskanal. Men vem \u00e4r det egentligen som \u00e4r m\u00f6rdaren? Och varf\u00f6r b\u00f6rjar det gifta paret misst\u00e4nka varandra i sina egna utredningar\u2026<\/p>\n<p>\u201dThe Night Manager\u201d (s\u00e4song 2, Prime Video) \u2013 11 januari<\/p>\n<p><img loading=\"lazy\" decoding=\"async\" alt=\"YouTube video\" width=\"480\" height=\"360\" data-pin-nopin=\"true\" nopin=\"nopin\" class=\"perfmatters-lazy\" src=\"https:\/\/www.europesays.com\/se\/wp-content\/uploads\/2025\/12\/1767185048_892_hqdefault.jpg\"\/><\/p>\n<p>Okej, det h\u00e4r \u00e4r inte en helt ny tv-serie. Men det h\u00e4r \u00e4r ju trots allt min lista! Och om en miniserie sl\u00e4pps f\u00f6r \u00e5tta \u00e5r sedan och nu kommer tillbaka med en ny frist\u00e5ende s\u00e4song, som inte l\u00e4ngre adapterar John le Carr\u00e9 utan bara spinner vidare p\u00e5 hans rollfigurer. Ja, d\u00e5 f\u00e5r man bannemej en plats p\u00e5 min lista \u00f6ver \u00e5rets nya tv-serier. B\u00e5de <strong>Tom Hiddleston <\/strong>och <strong>Olivia Colman<\/strong> \u00e5terv\u00e4nder till rollerna som Jonathan Pine och Angela Burr, n\u00e4r det nu har blivit dags f\u00f6r n\u00e4sta sp\u00e4nnande spionuppdrag i thrillerserien \u201dThe Night Manager\u201d.<\/p>\n<p>\u201dSeven Dials\u201d (Netflix) \u2013 15 januari<\/p>\n<p><img loading=\"lazy\" decoding=\"async\" alt=\"YouTube video\" width=\"480\" height=\"360\" data-pin-nopin=\"true\" nopin=\"nopin\" class=\"perfmatters-lazy\" src=\"https:\/\/www.europesays.com\/se\/wp-content\/uploads\/2025\/12\/1767185048_905_hqdefault.jpg\"\/><\/p>\n<p>Japp, Netflix har en tredje mordg\u00e5ta p\u00e5 g\u00e5ng \u00e5t oss under den f\u00f6rsta halvan av januari! \u201dBroadchurch\u201d-skaparen <strong>Chris Chibnall<\/strong> tar sig an Agatha Christies \u201dSeven Dials\u201d tillsammans med sk\u00e5despelare som <strong>Martin Freeman<\/strong> och <strong>Helena Bonham Carter<\/strong>. I det h\u00e4r fallet \u00e4r det Lady Eileen \u201dBundle\u201d Brent (<strong>Mia McKenna-Bruce<\/strong>) som tillsammans med Lady Caterham (Bonham Carter) och Superintendent Battle (Freeman) tar sig an ett mystiskt d\u00f6dsfall \u00e5ret 1925. <\/p>\n<p>\u201dA Knight of The Seven Kingdoms\u201d (HBO Max) \u2013 19 januari<\/p>\n<p><img loading=\"lazy\" decoding=\"async\" alt=\"YouTube video\" width=\"480\" height=\"360\" data-pin-nopin=\"true\" nopin=\"nopin\" class=\"perfmatters-lazy\" src=\"https:\/\/www.europesays.com\/se\/wp-content\/uploads\/2025\/12\/1767185048_412_hqdefault.jpg\"\/><\/p>\n<p>Det har blivit dags f\u00f6r n\u00e4sta \u201dGame of Thrones\u201d-spinoff. Den h\u00e4r g\u00e5ngen med <strong>George R.R. Martin<\/strong> med ombord som en av seriens skapare, n\u00e4r en av f\u00f6rfattarens mest omtyckta ber\u00e4ttelser \u00e4ntligen f\u00e5r en HBO-p\u00e5kostad adaption. Under den f\u00f6rsta s\u00e4songen f\u00e5r vi se den f\u00f6rsta delen av boken \u201dRiddaren av de sju konungarikena\u201d, som ber\u00e4ttar historien om hur den stora riddaren Dunk tr\u00e4ffar den lilla pojken Egg, som mest av allt vill bli en v\u00e4pnare, f\u00f6r f\u00f6rsta g\u00e5ngen. <\/p>\n<p>Till skillnad fr\u00e5n \u201dGame of Thrones\u201d och \u201dHouse of the Dragon\u201d \u00e4r \u201dA Knight of the Seven Kingdoms\u201d en avsev\u00e4rt l\u00e4ttare historia att f\u00f6lja \u2013 och utspelar sig under n\u00e5gra f\u00e5 dagar. De sex avsnitten \u00e4r dessutom bara dryga 30 minuter vardera. Det tar allts\u00e5 l\u00e4ngre tid att se klart den senaste \u201dAvatar\u201d-filmen \u00e4n hela den f\u00f6rsta s\u00e4songen om Dunk och Egg. <\/p>\n<p>\u201dSteal\u201d (Prime Video) \u2013 21 januari<\/p>\n<p><img loading=\"lazy\" height=\"432\" width=\"648\" class=\"wp-image-709772 sp-no-webp perfmatters-lazy\" alt=\"\" decoding=\"async\" src=\"https:\/\/www.europesays.com\/se\/wp-content\/uploads\/2025\/12\/Steal_S1_UT_101_240608_DORSAM_00139RC_3000-648x432.jpg\"  data-\/> <\/p>\n<p>\u201dGame of Thrones\u201d-stj\u00e4rnan <strong>Sophie Turner<\/strong> axlar huvudrollen i Prime Videos nya thrillersatsning \u201dSteal\u201d. Handlingen f\u00f6ljer vad som beskrivs som \u00e5rhundradets heist, d\u00e4r hon fastnar mitt i smeten av den genom sitt arbete p\u00e5 ett stort kontor. Det finns i skrivande stund fortfarande inte n\u00e5gon trailer h\u00e4r, men det ska oavsett bli sp\u00e4nnande att se vad Turner har p\u00e5 g\u00e5ng i det h\u00e4r projektet. S\u00e4rskilt med tanke p\u00e5 att hon har fler projekt p\u00e5 g\u00e5ng inom Prime Video fram\u00f6ver.<\/p>\n<p>\u201dThe Beauty\u201d (Disney+) \u2013 22 januari<\/p>\n<p><img loading=\"lazy\" decoding=\"async\" alt=\"YouTube video\" width=\"480\" height=\"360\" data-pin-nopin=\"true\" nopin=\"nopin\" class=\"perfmatters-lazy\" src=\"https:\/\/www.europesays.com\/se\/wp-content\/uploads\/2025\/12\/1767185049_535_hqdefault.jpg\"\/><\/p>\n<p><strong>Ryan Murphy<\/strong> forts\u00e4tter att pumpa ut tv-serier med sp\u00e4nnande sk\u00e5despelare i huvudrollerna. Efter bottennappet \u201dAll\u2019s Fair\u201d och den hyllade tredje s\u00e4songen av \u201dMonster\u201d under en och samma h\u00f6st, har det nu blivit dags f\u00f6r vinterns och det nya \u00e5rets f\u00f6rsta Murphy-premi\u00e4r. <\/p>\n<p>Den h\u00e4r g\u00e5ngen f\u00e5r vi f\u00f6lja sk\u00e5despelare som <strong>Evan Peters<\/strong>, <strong>Rebecca Hall<\/strong>, <strong>Vincent D\u2019Onofrio<\/strong>, <strong>Ashton Kutcher<\/strong> och <strong>Isabella Rossellini<\/strong> i n\u00e5gra av de st\u00f6rre rollerna. Handlingen p\u00e5minner om skr\u00e4ckfilmen \u201dThe Substance\u201d, d\u00e4r en spruta kan g\u00f6ra dig otroligt vacker \u2013 men \u00e4ven verkar d\u00f6da dig p\u00e5 kuppen. Tv\u00e5 poliser utreder det mystiska fenomenet och folket som ligger bakom. <\/p>\n<p>\u201dWonder Man\u201d (Disney+) \u2013 28 januari<\/p>\n<p><img loading=\"lazy\" decoding=\"async\" alt=\"YouTube video\" width=\"480\" height=\"360\" data-pin-nopin=\"true\" nopin=\"nopin\" class=\"perfmatters-lazy\" src=\"https:\/\/www.europesays.com\/se\/wp-content\/uploads\/2025\/12\/1767185049_281_hqdefault.jpg\"\/><\/p>\n<p>Det har blivit dags f\u00f6r n\u00e4sta Marvel-serie! Men p\u00e5 ytan ser den n\u00e4stan ovanligt \u201dnormal\u201d ut. Sk\u00e5despelaren <strong>Yahya Abdul-Mateen II <\/strong>har vi tidigare sett som Black Manta i b\u00e5da \u201dAquaman\u201d-filmerna samt \u201dWatchmen\u201d och \u201dThe Matrix Resurrections\u201d. Men nu spelar han en sk\u00e5despelare som f\u00f6rs\u00f6ker f\u00e5 en roll i en ny adaption av superhj\u00e4ltefilmen \u201dWonder Man\u201d. <strong>Ben Kingsley<\/strong> dyker upp i rollen som Trevor Slattery, vilken han spelat i b\u00e5de \u201dShang-Chi and the Legend of the Ten Rings\u201d samt \u201dIron Man 3\u201d, s\u00e5 p\u00e5 n\u00e5got s\u00e4tt kommer man knyta ihop Wonder Man med resten av Marvels st\u00e4ndigt v\u00e4xande universum.<\/p>\n<p>\u201dPONIES\u201d (SkyShowtime) \u2013 30 januari<\/p>\n<p><img loading=\"lazy\" decoding=\"async\" alt=\"YouTube video\" width=\"480\" height=\"360\" data-pin-nopin=\"true\" nopin=\"nopin\" class=\"perfmatters-lazy\" src=\"https:\/\/www.europesays.com\/se\/wp-content\/uploads\/2025\/12\/1767185049_715_hqdefault.jpg\"\/><\/p>\n<p>Efter att redan ha en Sophie Turner-titel, Kit Harington i \u201dIndustry\u201d och en \u201dGame of Thrones\u201d-spinoff p\u00e5 listan f\u00f6r januaris premi\u00e4rer. S\u00e5 har \u00e4ven <strong>Emilia Clarke<\/strong> ett nytt projekt p\u00e5 g\u00e5ng! Den h\u00e4r g\u00e5ngen r\u00f6r det sig om tv\u00e5 kvinnor vars makar f\u00f6rsvunnit under kalla kriget mellan USA och Sovjet. F\u00f6r att ta reda p\u00e5 mer om vad som verkligen har h\u00e4nt s\u00e5 erbjuder de sig att b\u00f6rja arbeta p\u00e5 den amerikanska ambassaden i Moskva, som hemliga CIA-agenter ingen kommer att misst\u00e4nka.  <\/p>\n<p>\u201dVAKA\u201d (Prime Video) \u2013 30 januari<\/p>\n<p><img loading=\"lazy\" decoding=\"async\" alt=\"YouTube video\" width=\"480\" height=\"360\" data-pin-nopin=\"true\" nopin=\"nopin\" class=\"perfmatters-lazy\" src=\"https:\/\/www.europesays.com\/se\/wp-content\/uploads\/2025\/12\/1767185049_881_hqdefault.jpg\"\/><\/p>\n<p>Prime Video bjuder p\u00e5 n\u00e4sta svenska originalserie! En epidemi sveper in \u00f6ver Sverige och g\u00f6r att m\u00e4ngder av inv\u00e5nare f\u00f6rlorar f\u00f6rm\u00e5gan att somna. N\u00e5got som f\u00e5r stor p\u00e5verkan p\u00e5 psyket f\u00f6r de drabbade \u2013 och riskerar att leda till m\u00e4ngder av d\u00f6dsfall. Sk\u00e5despelare som <strong>Aliette Opheim<\/strong>, <strong>Jonas Karlsson<\/strong> och <strong>Gizem Erdogan<\/strong> axlar n\u00e5gra av st\u00f6rre roller. <\/p>\n<p><strong>Alla 25 nya och \u00e5terkommande tv-serier med premi\u00e4r under januari:<\/strong><\/p>\n<p><img loading=\"lazy\" decoding=\"async\" alt=\"YouTube video\" width=\"480\" height=\"360\" data-pin-nopin=\"true\" nopin=\"nopin\" class=\"perfmatters-lazy\" src=\"https:\/\/www.europesays.com\/se\/wp-content\/uploads\/2025\/12\/1767126853_202_hqdefault.jpg\"\/><\/p>\n<p><strong>1 januari:<br \/><\/strong>\u201dStranger Things\u201d (finalen, Netflix)<br \/>\u201dRun Away\u201d (s\u00e4song 1, Netflix)<br \/>\u201dDen perfekta v\u00e4ninnan\u201d\/\u201dThe Guest\u201d (s\u00e4song 1, SVT Play)<\/p>\n<p><strong>2 januari:<br \/><\/strong>\u201dAmadeus\u201d (s\u00e4song 1, SkyShowtime)<br \/>\u201dSynden\u201d (s\u00e4song 1, Netflix)<\/p>\n<p><strong>8 januari:\u00a0<br \/><\/strong>\u201dHis &amp; Hers\u201d (s\u00e4song 1, Netflix)<\/p>\n<p><strong>9 januari:<br \/><\/strong>\u201dThe Pitt\u201d (s\u00e4song 2, HBO Max)<br \/>\u201dA Thousand Blows\u201d (s\u00e4song 2, Disney+)<br \/>\u201dTehran\u201d (s\u00e4song 3, Apple TV)<\/p>\n<p><strong>11 januari:\u00a0<br \/><\/strong>\u201dThe Night Manager\u201d (s\u00e4song 1, Prime Video)<\/p>\n<p><strong>12 januari:<br \/><\/strong>\u201dIndustry\u201d (s\u00e4song 4, HBO Max)<\/p>\n<p><img loading=\"lazy\" decoding=\"async\" alt=\"YouTube video\" width=\"480\" height=\"360\" data-pin-nopin=\"true\" nopin=\"nopin\" class=\"perfmatters-lazy\" src=\"https:\/\/www.europesays.com\/se\/wp-content\/uploads\/2025\/12\/1767185051_103_hqdefault.jpg\"\/><\/p>\n<p><strong>13 januari:<br \/><\/strong>\u201dTell Me Lies\u201d (s\u00e4song 3, Disney+)<\/p>\n<p><strong>14 januari:<br \/><\/strong>\u201dHijack\u201d (s\u00e4song 2, Apple TV)<\/p>\n<p><strong>15 januari:\u00a0<br \/><\/strong>\u201dAgatha Christie\u2019s Seven Dials\u201d (s\u00e4song 1, Netflix)<\/p>\n<p><strong>16 januari:<br \/><\/strong>\u201dSnake Killer\u201d\/\u201dSlangedr\u00e6ber\u201d (s\u00e4song 1, Prime Video)<\/p>\n<p><strong>19 januari:<br \/><\/strong>\u201dA Knight of The Seven Kingdoms\u201d (s\u00e4song 1, HBO Max)<\/p>\n<p><strong>21 januari:<br \/><\/strong>\u201dDrops of God\u201d (s\u00e4song 2, Apple TV)<br \/>\u201dSteal\u201d (s\u00e4song 1, Prime Video)<\/p>\n<p><img loading=\"lazy\" decoding=\"async\" alt=\"YouTube video\" width=\"480\" height=\"360\" data-pin-nopin=\"true\" nopin=\"nopin\" class=\"perfmatters-lazy\" src=\"https:\/\/www.europesays.com\/se\/wp-content\/uploads\/2025\/12\/1767127389_358_hqdefault.jpg\"\/><\/p>\n<p><strong>22 januari:\u00a0<br \/><\/strong>\u201dThe Beauty\u201d (s\u00e4song 1, Disney+)<\/p>\n<p><strong>28 januari:<br \/><\/strong>\u201dShrinking\u201d (s\u00e4song 3, Apple TV)<br \/>\u201dWonder Man\u201d (s\u00e4song 1, Disney+)<\/p>\n<p><strong>29 januari:\u00a0<br \/><\/strong>\u201dBridgerton\u201d (s\u00e4song 4 \u2013 del 1, Netflix)<\/p>\n<p><strong>30 januari<\/strong>:<br \/>\u201dVAKA\u201d (s\u00e4song 1, Prime Video) <br \/>\u201dThe Death of Bunny Munro\u201d (s\u00e4song 1, SkyShowtime)<br \/>\u201dPONIES\u201d (s\u00e4song 1, SkyShowtime)<\/p>\n<p>L\u00e4s ocks\u00e5: <a href=\"https:\/\/www.moviezine.se\/nyheter\/se-michael-j-fox-skadespela-for-forsta-gangen-pa-5-ar-gor-scener-mot-harrison-ford\" title=\"Se Michael J. Fox sk\u00e5despela f\u00f6r f\u00f6rsta g\u00e5ngen p\u00e5 5 \u00e5r \u2013 g\u00f6r scener mot Harrison Ford\" class=\"underline-custom !font-montserrat !font-bold !underline-offset-4 !decoration-4 !decoration-moviezine-green !text-md\" rel=\"nofollow noopener\" target=\"_blank\">Se Michael J. Fox sk\u00e5despela f\u00f6r f\u00f6rsta g\u00e5ngen p\u00e5 5 \u00e5r \u2013 g\u00f6r scener mot Harrison Ford<\/a><\/p>\n<p>L\u00e4s ocks\u00e5: <a href=\"https:\/\/www.moviezine.se\/nyheter\/spana-in-damon-och-affleck-i-hardkokta-actionrullen-the-rip-pa-netflix-redan-i-januari\" title=\"Spana in Damon och Affleck i h\u00e5rdkokta actionrullen \u201dThe Rip\u201d \u2013 p\u00e5 Netflix redan i januari!\" class=\"underline-custom !font-montserrat !font-bold !underline-offset-4 !decoration-4 !decoration-moviezine-green !text-md\" rel=\"nofollow noopener\" target=\"_blank\">Spana in Damon och Affleck i h\u00e5rdkokta actionrullen \u201dThe Rip\u201d \u2013 p\u00e5 Netflix redan i januari!<\/a><\/p>\n<p><img loading=\"lazy\" decoding=\"async\" alt=\"YouTube video\" width=\"480\" height=\"360\" data-pin-nopin=\"true\" nopin=\"nopin\" class=\"perfmatters-lazy\" src=\"https:\/\/www.europesays.com\/se\/wp-content\/uploads\/2025\/12\/1766743240_471_hqdefault.jpg\"\/><\/p>\n","protected":false},"excerpt":{"rendered":"Det \u00e4r en helt otroligt stark \u00f6ppning p\u00e5 2026 n\u00e4r det kommer till tv-serier. I vanliga fall brukar&hellip;\n","protected":false},"author":2,"featured_media":121720,"comment_status":"","ping_status":"","sticky":false,"template":"","format":"standard","meta":{"footnotes":""},"categories":[67],"tags":[2031,2570,104,3001,2390,2399,34,2032,31,33,32,30,105],"class_list":{"0":"post-121719","1":"post","2":"type-post","3":"status-publish","4":"format-standard","5":"has-post-thumbnail","7":"category-underhallning","8":"tag-amazon-prime-video","9":"tag-apple-tv-plus","10":"tag-entertainment","11":"tag-hbo-max","12":"tag-marvel","13":"tag-netflix","14":"tag-se","15":"tag-streamingtips","16":"tag-svenska","17":"tag-sverige","18":"tag-sweden","19":"tag-swedish","20":"tag-underhallning"},"share_on_mastodon":{"url":"https:\/\/pubeurope.com\/@se\/115814246976537865","error":""},"_links":{"self":[{"href":"https:\/\/www.europesays.com\/se\/wp-json\/wp\/v2\/posts\/121719","targetHints":{"allow":["GET"]}}],"collection":[{"href":"https:\/\/www.europesays.com\/se\/wp-json\/wp\/v2\/posts"}],"about":[{"href":"https:\/\/www.europesays.com\/se\/wp-json\/wp\/v2\/types\/post"}],"author":[{"embeddable":true,"href":"https:\/\/www.europesays.com\/se\/wp-json\/wp\/v2\/users\/2"}],"replies":[{"embeddable":true,"href":"https:\/\/www.europesays.com\/se\/wp-json\/wp\/v2\/comments?post=121719"}],"version-history":[{"count":0,"href":"https:\/\/www.europesays.com\/se\/wp-json\/wp\/v2\/posts\/121719\/revisions"}],"wp:featuredmedia":[{"embeddable":true,"href":"https:\/\/www.europesays.com\/se\/wp-json\/wp\/v2\/media\/121720"}],"wp:attachment":[{"href":"https:\/\/www.europesays.com\/se\/wp-json\/wp\/v2\/media?parent=121719"}],"wp:term":[{"taxonomy":"category","embeddable":true,"href":"https:\/\/www.europesays.com\/se\/wp-json\/wp\/v2\/categories?post=121719"},{"taxonomy":"post_tag","embeddable":true,"href":"https:\/\/www.europesays.com\/se\/wp-json\/wp\/v2\/tags?post=121719"}],"curies":[{"name":"wp","href":"https:\/\/api.w.org\/{rel}","templated":true}]}}