{"id":121723,"date":"2025-12-31T12:49:10","date_gmt":"2025-12-31T12:49:10","guid":{"rendered":"https:\/\/www.europesays.com\/se\/121723\/"},"modified":"2025-12-31T12:49:10","modified_gmt":"2025-12-31T12:49:10","slug":"beslut-fran-svenska-ishockeyforbundets-disciplinnamnd-luke-witkowski","status":"publish","type":"post","link":"https:\/\/www.europesays.com\/se\/121723\/","title":{"rendered":"Beslut fr\u00e5n Svenska Ishockeyf\u00f6rbundets Disciplinn\u00e4mnd \u2013 Luke Witkowski"},"content":{"rendered":"<p><img decoding=\"async\" src=\"https:\/\/www.europesays.com\/se\/wp-content\/uploads\/2025\/08\/1756413623_985_error-b0945c17.png\" data- class=\"lazyload blur-up z-0\" style=\"\" alt=\"\" width=\"100%\" height=\"auto\" data-v-9e7f635d=\"\"\/><\/p>\n<p>Disciplin\u00e4rende<\/p>\n<p class=\"article-intro\" data-v-7040d6fb=\"\">Bryn\u00e4s spelare Luke Witkowski f\u00e4lls f\u00f6r Illegal check to the head i g\u00e5rdagens match mellan Skellefte\u00e5 och Bryn\u00e4s av Svenska Ishockeyf\u00f6rbundets Disciplinn\u00e4mnd. Hanteringen av \u00e4rendet har skett enligt de rutiner som g\u00e4ller f\u00f6r disciplin\u00e4renden under s\u00e4songen.<\/p>\n<p class=\"paragraph text-left\"> N\u00e4r det spelats 1.17 av f\u00f6rsta perioden s\u00e5 sker det en Illegal check to the head. Det \u00e4r Nr 53 i Bryn\u00e4s Luke Witkowski som kommer med fart fr\u00e5n sidan och g\u00e5r in framf\u00f6r Skellefte\u00e5s Nr 15 Lars Bryggman och tacklar med sin h\u00f6gra axel i huvudet p\u00e5 Bryggman.  <\/p>\n<p class=\"paragraph text-left\"> <strong>Avst\u00e4ngning<\/strong> <\/p>\n<p class=\"paragraph text-left\"> Avst\u00e4ngning fr.o.m. den 31 december 2025 t.o.m. den 6 januari 2026.\u00a0Avst\u00e4ngningen bed\u00f6ms motsvara tv\u00e5 (2) matcher. <\/p>\n<p class=\"paragraph text-left\"> <strong>B\u00f6ter<\/strong> <\/p>\n<p class=\"paragraph text-left\"> 24 900 kr.  <\/p>\n<p>Svenska ishockeyf\u00f6rbundets disciplinn\u00e4mnds beslut<\/p>\n<p class=\"paragraph text-left\"> N\u00e4mnden finner det utrett att Luke Witkowski gjort sig skyldig till<br \/>\nIllegal check to the head. Den tacklade spelaren kan inte anses ha satt sig i en<br \/>\ns\u00e5rbar position och huvudtacklingen hade kunnat undvikas. F\u00f6rseelsen b\u00f6r<br \/>\nf\u00f6ranleda en avst\u00e4ngning. Luke Witkowski fick den 5 januari 2025 b\u00f6ter f\u00f6r<br \/>\nIllegal Equipment (D-SIF-020344), men nu aktuell f\u00f6rseelse \u00e4r inte ett \u00e5terfall i en<br \/>\nliknande f\u00f6rseelse. Avst\u00e4ngningens l\u00e4ngd best\u00e4ms d\u00e4rf\u00f6r till en tid som bed\u00f6ms<br \/>\nmotsvara tv\u00e5 matcher. Han ska dessutom betala b\u00f6ter med det belopp som framg\u00e5r<br \/>\nav beslutet.  <\/p>\n<p class=\"paragraph text-left\"> Vid straffm\u00e4tningen har n\u00e4mnden s\u00e4rskilt beaktat f\u00f6ljande<br \/>\nnyckelfaktorer:\u00a0  <\/p>\n<p class=\"paragraph text-left\"> \u2013 Huvudtacklingen sker med fart fr\u00e5n sidan.<br \/>\u2013 Stor skaderisk. <\/p>\n<p class=\"paragraph text-left\"> <a target=\"_blank\" href=\"https:\/\/drive.google.com\/file\/d\/1xuqUjSuZq9zBDC3xN_7onOi1P7lT9KyN\/view?usp=sharing\" rel=\"nofollow noopener\">Hela beslutet<\/a>\u00a0\u00a0 <\/p>\n","protected":false},"excerpt":{"rendered":"Disciplin\u00e4rende Bryn\u00e4s spelare Luke Witkowski f\u00e4lls f\u00f6r Illegal check to the head i g\u00e5rdagens match mellan Skellefte\u00e5 och&hellip;\n","protected":false},"author":2,"featured_media":121724,"comment_status":"","ping_status":"","sticky":false,"template":"","format":"standard","meta":{"footnotes":""},"categories":[5],"tags":[22,23,26,27,17,21,24,25,28,29,15,16,18,34,31,33,32,30,19,20],"class_list":{"0":"post-121723","1":"post","2":"type-post","3":"status-publish","4":"format-standard","5":"has-post-thumbnail","7":"category-rubriker","8":"tag-breaking-news","9":"tag-breakingnews","10":"tag-featured-news","11":"tag-featurednews","12":"tag-headlines","13":"tag-huvudnyheter","14":"tag-latest-news","15":"tag-latestnews","16":"tag-main-news","17":"tag-mainnews","18":"tag-news","19":"tag-nyheter","20":"tag-rubriker","21":"tag-se","22":"tag-svenska","23":"tag-sverige","24":"tag-sweden","25":"tag-swedish","26":"tag-top-stories","27":"tag-topstories"},"share_on_mastodon":{"url":"https:\/\/pubeurope.com\/@se\/115814266511102329","error":""},"_links":{"self":[{"href":"https:\/\/www.europesays.com\/se\/wp-json\/wp\/v2\/posts\/121723","targetHints":{"allow":["GET"]}}],"collection":[{"href":"https:\/\/www.europesays.com\/se\/wp-json\/wp\/v2\/posts"}],"about":[{"href":"https:\/\/www.europesays.com\/se\/wp-json\/wp\/v2\/types\/post"}],"author":[{"embeddable":true,"href":"https:\/\/www.europesays.com\/se\/wp-json\/wp\/v2\/users\/2"}],"replies":[{"embeddable":true,"href":"https:\/\/www.europesays.com\/se\/wp-json\/wp\/v2\/comments?post=121723"}],"version-history":[{"count":0,"href":"https:\/\/www.europesays.com\/se\/wp-json\/wp\/v2\/posts\/121723\/revisions"}],"wp:featuredmedia":[{"embeddable":true,"href":"https:\/\/www.europesays.com\/se\/wp-json\/wp\/v2\/media\/121724"}],"wp:attachment":[{"href":"https:\/\/www.europesays.com\/se\/wp-json\/wp\/v2\/media?parent=121723"}],"wp:term":[{"taxonomy":"category","embeddable":true,"href":"https:\/\/www.europesays.com\/se\/wp-json\/wp\/v2\/categories?post=121723"},{"taxonomy":"post_tag","embeddable":true,"href":"https:\/\/www.europesays.com\/se\/wp-json\/wp\/v2\/tags?post=121723"}],"curies":[{"name":"wp","href":"https:\/\/api.w.org\/{rel}","templated":true}]}}