{"id":121734,"date":"2025-12-31T13:05:30","date_gmt":"2025-12-31T13:05:30","guid":{"rendered":"https:\/\/www.europesays.com\/se\/121734\/"},"modified":"2025-12-31T13:05:30","modified_gmt":"2025-12-31T13:05:30","slug":"buss-har-kort-in-i-byggnad-over-tio-personer-skadade","status":"publish","type":"post","link":"https:\/\/www.europesays.com\/se\/121734\/","title":{"rendered":"Buss har k\u00f6rt in i byggnad \u2013 \u00f6ver tio personer skadade"},"content":{"rendered":"<p class=\"text\">Larmet kom in klockan 16.06.<\/p>\n<p class=\"text\">Enligt polisen var det 17 personer p\u00e5 bussen. Olika uppgifter om hur m\u00e5nga som varit skadade har rapporterats fr\u00e5n polis och region Stockholm under eftermiddagen och kv\u00e4llen men enligt region Stockholm handlade det till sist om: <\/p>\n<p class=\"text\">Sju personer, varav tv\u00e5 allvarligt skadade, som f\u00e5tt \u00e5ka ambulans till sjukhus. Ytterligare nio personer f\u00f6rdes till n\u00e4rakut f\u00f6r omv\u00e5rdnad.<\/p>\n<p class=\"text\">Enligt polisen var bussens chauff\u00f6r s\u00e5 pass allvarligt skadad att denne fick \u00e5ka ambulanshelikopter till sjukhus. <\/p>\n<p class=\"text\">Polisen har inlett en brottsutredning om v\u00e5rdsl\u00f6shet i trafik och v\u00e5llande till kroppsskada. Bussen har tagits i beslag av polisen.<\/p>\n<p>Stor p\u00e5verkan p\u00e5 kollektivtrafiken<\/p>\n<p class=\"text\">Tv\u00e4rbanan har stoppats f\u00f6rbi Liljeholmen i b\u00e5da riktningar medan r\u00e4ddningsinsatsen p\u00e5g\u00e5r. <\/p>\n<p class=\"text\">Enligt polisens initiala uppgifter skulle bussen ha sv\u00e4ngt men ist\u00e4llet k\u00f6rt rakt in i fasaden, skriver <a target=\"_blank\" rel=\"noopener nofollow\" href=\"https:\/\/www.aftonbladet.se\/nyheter\/a\/3pJ7LP\/buss-kort-in-i-byggnad\">Aftonbladet<\/a>. Ingen person ska ha blivit p\u00e5k\u00f6rd.<br \/>Det finns inga uppgifter om att n\u00e5gon utanf\u00f6r bussen ska ha skadats. <\/p>\n","protected":false},"excerpt":{"rendered":"Larmet kom in klockan 16.06. Enligt polisen var det 17 personer p\u00e5 bussen. Olika uppgifter om hur m\u00e5nga&hellip;\n","protected":false},"author":2,"featured_media":121735,"comment_status":"","ping_status":"","sticky":false,"template":"","format":"standard","meta":{"footnotes":""},"categories":[5],"tags":[22,23,26,27,17,21,24,25,28,29,15,16,18,34,31,33,32,30,19,20],"class_list":{"0":"post-121734","1":"post","2":"type-post","3":"status-publish","4":"format-standard","5":"has-post-thumbnail","7":"category-rubriker","8":"tag-breaking-news","9":"tag-breakingnews","10":"tag-featured-news","11":"tag-featurednews","12":"tag-headlines","13":"tag-huvudnyheter","14":"tag-latest-news","15":"tag-latestnews","16":"tag-main-news","17":"tag-mainnews","18":"tag-news","19":"tag-nyheter","20":"tag-rubriker","21":"tag-se","22":"tag-svenska","23":"tag-sverige","24":"tag-sweden","25":"tag-swedish","26":"tag-top-stories","27":"tag-topstories"},"share_on_mastodon":{"url":"https:\/\/pubeurope.com\/@se\/115814329410698369","error":""},"_links":{"self":[{"href":"https:\/\/www.europesays.com\/se\/wp-json\/wp\/v2\/posts\/121734","targetHints":{"allow":["GET"]}}],"collection":[{"href":"https:\/\/www.europesays.com\/se\/wp-json\/wp\/v2\/posts"}],"about":[{"href":"https:\/\/www.europesays.com\/se\/wp-json\/wp\/v2\/types\/post"}],"author":[{"embeddable":true,"href":"https:\/\/www.europesays.com\/se\/wp-json\/wp\/v2\/users\/2"}],"replies":[{"embeddable":true,"href":"https:\/\/www.europesays.com\/se\/wp-json\/wp\/v2\/comments?post=121734"}],"version-history":[{"count":0,"href":"https:\/\/www.europesays.com\/se\/wp-json\/wp\/v2\/posts\/121734\/revisions"}],"wp:featuredmedia":[{"embeddable":true,"href":"https:\/\/www.europesays.com\/se\/wp-json\/wp\/v2\/media\/121735"}],"wp:attachment":[{"href":"https:\/\/www.europesays.com\/se\/wp-json\/wp\/v2\/media?parent=121734"}],"wp:term":[{"taxonomy":"category","embeddable":true,"href":"https:\/\/www.europesays.com\/se\/wp-json\/wp\/v2\/categories?post=121734"},{"taxonomy":"post_tag","embeddable":true,"href":"https:\/\/www.europesays.com\/se\/wp-json\/wp\/v2\/tags?post=121734"}],"curies":[{"name":"wp","href":"https:\/\/api.w.org\/{rel}","templated":true}]}}