{"id":121752,"date":"2025-12-31T13:46:10","date_gmt":"2025-12-31T13:46:10","guid":{"rendered":"https:\/\/www.europesays.com\/se\/121752\/"},"modified":"2025-12-31T13:46:10","modified_gmt":"2025-12-31T13:46:10","slug":"rod-varning-for-ovadret-anna-kan-isolera-landsbygd","status":"publish","type":"post","link":"https:\/\/www.europesays.com\/se\/121752\/","title":{"rendered":"R\u00f6d varning f\u00f6r ov\u00e4dret Anna \u2013 kan \u201disolera landsbygd\u201d"},"content":{"rendered":"<p><img decoding=\"async\" class=\"image-asset hyperion-css-n6kkq1\" data-test-tag=\"image-asset\" src=\"https:\/\/www.europesays.com\/se\/wp-content\/uploads\/2025\/12\/1767188769_687_0c83c629-f6e4-476f-895e-11ef9702f091.png\"  alt=\"\"  loading=\"lazy\" fetchpriority=\"auto\" style=\"aspect-ratio:1900 \/ 1900\"\/><img decoding=\"async\" class=\"image-asset hyperion-css-n6kkq1\" data-test-tag=\"image-asset\" src=\"https:\/\/www.europesays.com\/se\/wp-content\/uploads\/2025\/12\/3a4c6c9d-a4b3-4d3b-9201-d0cadf6fea44.png\"  alt=\"\"  loading=\"lazy\" fetchpriority=\"auto\" style=\"aspect-ratio:1900 \/ 1900\"\/><\/p>\n<p class=\"boxtextgrotesk-root_baa6 hyperion-css-7pajle\">Uppdaterad 14.34 | Publicerad 12.48<\/p>\n<p>share-arrowDela<\/p>\n<p>unsaveSpara<\/p>\n<p>expand-left<\/p>\n<p>helsk\u00e4rm<img decoding=\"async\" class=\"image-asset hyperion-css-u06ts1\" data-test-tag=\"image-asset\" src=\"https:\/\/www.europesays.com\/se\/wp-content\/uploads\/2025\/12\/3f3c38a4-6ae5-431b-ba9d-3c341cbe47e8.jpeg\"  alt=\"\"  loading=\"eager\" fetchpriority=\"high\" style=\"aspect-ratio:434 \/ 355\"\/> Foto: Smhi<\/p>\n<p class=\"hyperion-css-1shl3oz\" data-test-tag=\"lead-text\">SMHI har g\u00e5tt ut med en r\u00f6d varning f\u00f6r sn\u00f6fall \u2013\u00a0och d\u00f6pt ov\u00e4dret till Anna.<\/p>\n<p class=\"hyperion-css-1shl3oz\" data-test-tag=\"lead-text\">I G\u00e4vleborg v\u00e4ntas sn\u00f6m\u00e4ngder p\u00e5 fyra till sex decimeter.<\/p>\n<p class=\"hyperion-css-1shl3oz\" data-test-tag=\"lead-text\">S\u00e4rskilt landsbygd kan bli \u201dhelt isolerad fr\u00e5n omv\u00e4rlden\u201d, varnar SMHI.<\/p>\n<ul class=\"hyperion-css-e9gx76\" data-test-tag=\"list\">\n<li class=\"hyperion-css-1d843yr\">SMHI har utf\u00e4rdat en r\u00f6d varning f\u00f6r sn\u00f6fall i G\u00e4vleborgs l\u00e4n, med f\u00f6rv\u00e4ntade sn\u00f6m\u00e4ngder p\u00e5 fyra till sex decimeter.<\/li>\n<li class=\"hyperion-css-1d843yr\">Det finns risk f\u00f6r att landsbygd kan bli isolerad, v\u00e4gar oframkomliga och l\u00e4ngre elavbrott kan intr\u00e4ffa.<\/li>\n<li class=\"hyperion-css-1d843yr\">Trafikverket avr\u00e5der fr\u00e5n att ge sig ut i trafiken och f\u00f6rbereder tungb\u00e4rgare och bandvagnar f\u00f6r att hantera den f\u00f6rv\u00e4ntade situationen.<\/li>\n<\/ul>\n<p>L\u00e4s mer<\/p>\n<p class=\"hyperion-css-1v9qo5x\">SMHI uppdaterar med att det r\u00e5der r\u00f6d sn\u00f6varning i G\u00e4vleborgs l\u00e4n imorgon, i det ov\u00e4der som f\u00e5tt namnet Anna.<\/p>\n<p class=\"hyperion-css-1v9qo5x\">Den maximala varningen g\u00e4ller delar av l\u00e4net, innanf\u00f6r kusten.<\/p>\n<p class=\"hyperion-css-1v9qo5x\">&#8221;Extremt stora sn\u00f6m\u00e4ngder v\u00e4ntas falla samtidigt som det blir bl\u00e5sigt med risk f\u00f6r kraftig drivbildning. Det kan leda till att v\u00e4garna blir helt oframkomliga\u201d, skriver myndigheten p\u00e5 sin hemsida.<\/p>\n<p>expand-left<\/p>\n<p>helsk\u00e4rm<img decoding=\"async\" class=\"image-asset hyperion-css-u06ts1\" data-test-tag=\"image-asset\" src=\"https:\/\/www.europesays.com\/se\/wp-content\/uploads\/2025\/12\/6ae1f165-6b10-40ac-9cdb-d5d12fb2a262.jpeg\"  alt=\"En halv meter sn\u00f6 kan falla. Arkivbild fr\u00e5n stormen Johannes. \"  loading=\"eager\" fetchpriority=\"high\" style=\"aspect-ratio:1900 \/ 1355\"\/>En halv meter sn\u00f6 kan falla. Arkivbild fr\u00e5n stormen Johannes. Foto: Sam Hedman \/ TTCirka en halv meter sn\u00f6<\/p>\n<p class=\"hyperion-css-1v9qo5x\">Tiden \u00e4r satt fr\u00e5n klockan 15 p\u00e5 ny\u00e5rsdagen till klockan 07 den 2 januari.<\/p>\n<p class=\"hyperion-css-1v9qo5x\">\u201dStrax innanf\u00f6r kusten finns risk f\u00f6r att fyra till sex decimeter sn\u00f6 faller fram till fredagsmorgonen, vilket kan g\u00f6ra s\u00e4rskilt landsbygd helt isolerade fr\u00e5n omv\u00e4rlden\u201d, skriver SMHI.<\/p>\n<p class=\"hyperion-css-1v9qo5x\">Man ska inte ge sig ut i trafiken, r\u00e4ddningsinsatser kan ta l\u00e5ng tid och det \u00e4r l\u00e4ge att f\u00f6rbereda sig p\u00e5 l\u00e4ngre och omfattande elavbrott, enligt SMHI.<\/p>\n<p class=\"hyperion-css-1v9qo5x\">\u2013\u00a0Det finns en risk f\u00f6r att det blir v\u00e4ldigt stora konsekvenser, s\u00e4ger Mattias Lind, vakthavande meteorolog p\u00e5 SMHI.<\/p>\n<p>expand-left<\/p>\n<p>helsk\u00e4rm<img decoding=\"async\" class=\"image-asset hyperion-css-u06ts1\" data-test-tag=\"image-asset\" src=\"https:\/\/www.europesays.com\/se\/wp-content\/uploads\/2025\/12\/cda841fc-9864-4ad4-8c9e-496e113e6c06.jpeg\"  alt=\"Flygfoton fr\u00e5n Rengsj\u00f6 utanf\u00f6r Bolln\u00e4s, d\u00e4r m\u00e4ngder av tr\u00e4d rasat i stormen Johannes. Nu har SMHI utf\u00e4rdat en r\u00f6d varning i omr\u00e5det. \"  loading=\"eager\" fetchpriority=\"high\" style=\"aspect-ratio:1900 \/ 1267\"\/>Flygfoton fr\u00e5n Rengsj\u00f6 utanf\u00f6r Bolln\u00e4s, d\u00e4r m\u00e4ngder av tr\u00e4d rasat i stormen Johannes. Nu har SMHI utf\u00e4rdat en r\u00f6d varning i omr\u00e5det. Foto: Pontus OrreKan bli sv\u00e5rt att ta sig ut<\/p>\n<p class=\"hyperion-css-1v9qo5x\">De stora sn\u00f6m\u00e4ngderna kombinerat med vinden kan i vissa fall f\u00f6rhindra folk fr\u00e5n att fysiskt ta sig ut.<\/p>\n<p class=\"hyperion-css-1v9qo5x\">\u2013\u00a0Om man inte m\u00e5ste ge sig ut ska man inte f\u00f6rs\u00f6ka g\u00f6ra det. Skulle man bli str\u00f6ml\u00f6s s\u00e5 \u00e4r det bra att se till innan att man har tillg\u00e5ng till vatten och v\u00e4rme, s\u00e4ger Mattias Lind.<\/p>\n<p class=\"hyperion-css-1v9qo5x\">G\u00e4vleborgs l\u00e4n \u00e4r en av de platser i Sverige som redan drabbats <a data-test-tag=\"internal-link\" href=\"https:\/\/www.aftonbladet.se\/nyheter\/a\/M7RqpJ\/kamp-mot-klockan-i-vantan-pa-snodump-javligt-tufft-lage\" class=\"hyperion-css-15jkft9\" rel=\"nofollow noopener\" target=\"\" aria-label=\"h\u00e5rdast av stormen Johannes\">h\u00e5rdast av stormen Johannes<\/a>.<\/p>\n<p class=\"hyperion-css-1v9qo5x\">\u2013 Det h\u00e4r \u00e4r ju ett omr\u00e5de som fortfarande \u00e4r extra utsatt med efterverkningarna fr\u00e5n stormen, vilket delvis ocks\u00e5 tagits med i bed\u00f6mningen. Det kommer bli extra besv\u00e4rligt, s\u00e4ger Mattias Lind.<\/p>\n<p>Trafikverket skickar ut tungb\u00e4rgare<\/p>\n<p class=\"hyperion-css-1v9qo5x\">\u00c4ven Trafikverket har g\u00e5tt ut med en stark avr\u00e5dan fr\u00e5n att ge sig ut p\u00e5 v\u00e4garna.<\/p>\n<p class=\"hyperion-css-1v9qo5x\">\u2013 Det kan bli v\u00e4ldigt mycket drivbildning. Det blir sv\u00e5rt att hinna med sn\u00f6r\u00f6jningen \u00e4ven p\u00e5 de st\u00f6rre v\u00e4garna, s\u00e4ger Trafikverkets kommunikat\u00f6r Veronika Gustafsson.<\/p>\n<p class=\"hyperion-css-1v9qo5x\">Nu g\u00f6r man sig redo f\u00f6r att skicka ut tungb\u00e4rgare l\u00e4ngs de v\u00e4gar som omfattas av den r\u00f6da varningen.<\/p>\n<p class=\"hyperion-css-1v9qo5x\">Precis som vid stormen Johannes kommer man \u00e4ven placera ut bandvagnar f\u00f6r att kunna hj\u00e4lpa m\u00e4nniskor i n\u00f6d.<\/p>\n<p class=\"hyperion-css-1v9qo5x\">\u2013\u00a0Vi \u00e4r p\u00e5 h\u00f6gsta beredskap och har alla fordon och resurser ute. Men n\u00e4r det faller i den h\u00e4r f\u00f6rv\u00e4ntade takten finns det risk att det blir stopp i trafiken, s\u00e4ger Veronika Gustafsson.<\/p>\n<p class=\"hyperion-css-1v9qo5x\">Ov\u00e4dret p\u00e5verkar \u00e4ven t\u00e5gtrafiken. Bland annat i Sundsvall, d\u00e4r alla avg\u00e5ende t\u00e5g st\u00e4lls in fr\u00e5n och med klockan 12 p\u00e5 ny\u00e5rsdagen.<\/p>\n<p class=\"hyperion-css-1v9qo5x\">T\u00e5gen v\u00e4ntas rulla igen tidigast ett dygn senare.<\/p>\n<p class=\"hyperion-css-1v9qo5x\">&#8221;Vi har tyv\u00e4rr inte m\u00f6jlighet att trafikera str\u00e4ckan med ers\u00e4ttningstrafik&#8221;, skriver SJ p\u00e5 sin hemsida.<\/p>\n<p class=\"hyperion-css-1v9qo5x\">Redan innan r\u00e5dde <a data-test-tag=\"internal-link\" href=\"https:\/\/www.aftonbladet.se\/nyheter\/a\/0pnqwM\/snovarningarna-utvidgas\" class=\"hyperion-css-15jkft9\" rel=\"nofollow noopener\" target=\"\" aria-label=\"orange varning i trakterna\">orange varning i trakterna<\/a>, och gul varning i hela s\u00f6dra halvan av Sverige.<\/p>\n<p>FAKTAV\u00e4dervarningar<\/p>\n<p class=\"hyperion-css-jonaf8\">SMHI har tre niv\u00e5er p\u00e5 sina v\u00e4dervarningar:<\/p>\n<p class=\"hyperion-css-jonaf8\">Gul varning: Konsekvenser f\u00f6r samh\u00e4llet, vissa risker f\u00f6r allm\u00e4nheten.<\/p>\n<p class=\"hyperion-css-jonaf8\">Orange varning: Allvarliga konsekvenser f\u00f6r samh\u00e4llet, fara f\u00f6r allm\u00e4nheten.<\/p>\n<p class=\"hyperion-css-jonaf8\">R\u00f6d varning: Mycket allvarliga konsekvenser f\u00f6r samh\u00e4llet, stor fara f\u00f6r allm\u00e4nheten.<\/p>\n<p class=\"hyperion-css-jonaf8\">K\u00e4lla: TT<\/p>\n<p>L\u00e4s mer<\/p>\n","protected":false},"excerpt":{"rendered":"Uppdaterad 14.34 | Publicerad 12.48 share-arrowDela unsaveSpara expand-left helsk\u00e4rm Foto: Smhi SMHI har g\u00e5tt ut med en r\u00f6d&hellip;\n","protected":false},"author":2,"featured_media":121753,"comment_status":"","ping_status":"","sticky":false,"template":"","format":"standard","meta":{"footnotes":""},"categories":[5],"tags":[22,23,26,27,17,21,24,25,28,29,15,16,18,34,31,33,32,30,19,20],"class_list":{"0":"post-121752","1":"post","2":"type-post","3":"status-publish","4":"format-standard","5":"has-post-thumbnail","7":"category-rubriker","8":"tag-breaking-news","9":"tag-breakingnews","10":"tag-featured-news","11":"tag-featurednews","12":"tag-headlines","13":"tag-huvudnyheter","14":"tag-latest-news","15":"tag-latestnews","16":"tag-main-news","17":"tag-mainnews","18":"tag-news","19":"tag-nyheter","20":"tag-rubriker","21":"tag-se","22":"tag-svenska","23":"tag-sverige","24":"tag-sweden","25":"tag-swedish","26":"tag-top-stories","27":"tag-topstories"},"share_on_mastodon":{"url":"https:\/\/pubeurope.com\/@se\/115814490710505904","error":""},"_links":{"self":[{"href":"https:\/\/www.europesays.com\/se\/wp-json\/wp\/v2\/posts\/121752","targetHints":{"allow":["GET"]}}],"collection":[{"href":"https:\/\/www.europesays.com\/se\/wp-json\/wp\/v2\/posts"}],"about":[{"href":"https:\/\/www.europesays.com\/se\/wp-json\/wp\/v2\/types\/post"}],"author":[{"embeddable":true,"href":"https:\/\/www.europesays.com\/se\/wp-json\/wp\/v2\/users\/2"}],"replies":[{"embeddable":true,"href":"https:\/\/www.europesays.com\/se\/wp-json\/wp\/v2\/comments?post=121752"}],"version-history":[{"count":0,"href":"https:\/\/www.europesays.com\/se\/wp-json\/wp\/v2\/posts\/121752\/revisions"}],"wp:featuredmedia":[{"embeddable":true,"href":"https:\/\/www.europesays.com\/se\/wp-json\/wp\/v2\/media\/121753"}],"wp:attachment":[{"href":"https:\/\/www.europesays.com\/se\/wp-json\/wp\/v2\/media?parent=121752"}],"wp:term":[{"taxonomy":"category","embeddable":true,"href":"https:\/\/www.europesays.com\/se\/wp-json\/wp\/v2\/categories?post=121752"},{"taxonomy":"post_tag","embeddable":true,"href":"https:\/\/www.europesays.com\/se\/wp-json\/wp\/v2\/tags?post=121752"}],"curies":[{"name":"wp","href":"https:\/\/api.w.org\/{rel}","templated":true}]}}