{"id":121758,"date":"2025-12-31T13:53:08","date_gmt":"2025-12-31T13:53:08","guid":{"rendered":"https:\/\/www.europesays.com\/se\/121758\/"},"modified":"2025-12-31T13:53:08","modified_gmt":"2025-12-31T13:53:08","slug":"har-pagar-den-standiga-sjoovervakningen-med-julbord-kalle-och-julklappar","status":"publish","type":"post","link":"https:\/\/www.europesays.com\/se\/121758\/","title":{"rendered":"H\u00e4r p\u00e5g\u00e5r den st\u00e4ndiga sj\u00f6\u00f6vervakningen \u2013 med julbord, Kalle och julklappar"},"content":{"rendered":"<p>\u2013 Varken den ryska marinen eller handelssj\u00f6farten tar julledigt. Handeln och varutransporter mellan l\u00e4nder forts\u00e4tter \u00e5rets alla dagar. Och i den ryska kalendern ligger julen senare, s\u00e5 f\u00f6r den ryska marinen \u00e4r veckan som vilken vecka som helst, s\u00e4ger \u00f6rlogskapten Anton Holmberg, fartygschef HMS Ven, som sj\u00f6\u00f6vervakar i \u00d6stersj\u00f6n under julveckan.\u00a0<\/p>\n<p>\u00c5ret runt, dygnet runt, p\u00e5g\u00e5r marinens sj\u00f6\u00f6vervakningsoperation. Med fasta sensorer och fartyg till sj\u00f6ss \u00f6vervakar marinen Sveriges n\u00e4romr\u00e5de. B\u00e5da sj\u00f6stridsflottiljerna har fartyg till sj\u00f6ss under julveckan. HMS Ulv\u00f6n bedriver sj\u00f6\u00f6vervakning som ett direkt st\u00f6d till Natos operation Baltic Sentry i \u00d6stersj\u00f6n. Operationen \u00e4r ett svar p\u00e5 de senaste \u00e5rens incidenter i \u00d6stersj\u00f6n och syftar bland annat till att avskr\u00e4cka fr\u00e5n ytterligare kabelsabotage.<\/p>\n<p>HMS Ven bedriver sj\u00f6\u00f6vervakning inom ramen f\u00f6r marinens st\u00e5ende sj\u00f6\u00f6vervakningsoperation.\u00a0<\/p>\n<p>&#13;<br \/>\n    <img decoding=\"async\" src=\"https:\/\/www.europesays.com\/se\/wp-content\/uploads\/2025\/12\/20251218_OLAJACO01_4SJO-_JULEN2025_2048px-8298.jpg\" alt=\"Marinen genomf\u00f6r st\u00e4ndigt sj\u00f6\u00f6vervakning, \u00e4ven under julhelgen 2025.\"\/>&#13;<\/p>\n<p>&#13;<br \/>\n        \u2013 \u00c4ven om vi g\u00f6r det lite mysigare \u00e4n i vanliga fall s\u00e5 \u00e4r det som vilken annan sj\u00f6\u00f6vervakningsvecka som helst. Vi \u00e4r heller inte s\u00e5 unika. F\u00f6rutom F\u00f6rsvarsmakten m\u00e5ste ju \u00e4ven v\u00e5rden, kollektivtrafiken och handeln fungera under \u00e5rets alla dagar. Skillnaden f\u00f6r oss \u00e4r kanske att vi inte kommer hem p\u00e5 kv\u00e4llen eller natten, utan \u00e4r borta hela julveckan. Men vi turas om s\u00e5 att man inte \u00e4r borta fr\u00e5n familjen varje jul, s\u00e4ger \u00f6rlogskapten Anton Holmberg, fartygschef HMS Ven.&#13;<br \/>\n        Foto: Ola Jacobsen\/F\u00f6rsvarsmakten&#13;\n    <\/p>\n<p>&#13;<\/p>\n<p>\u2013 F\u00f6r oss i flottan kanske det inte \u00e4r n\u00e5gon superstor grej att jobba under julen. Det \u00e4r v\u00e4ldigt mycket som ett vanlig sj\u00f6\u00f6vervakningsvecka. Men f\u00f6r v\u00e5ra anh\u00f6riga blir v\u00e5r fr\u00e5nvaro extra k\u00e4nnbar under storhelger som julen. F\u00f6r v\u00e5ra familjer \u00e4r det n\u00e5gon som inte \u00e4r med n\u00e4r man tittar p\u00e5 Kalle eller n\u00e4r julklappar delas ut, s\u00e4ger \u00f6rlogskapten Anton Holmberg, fartygschef HMS Ven.\u00a0<\/p>\n<p>\u00c4ven om fartygets uppgift \u00e4r samma som vilken vecka som helst, och verksamheten rullar p\u00e5 som vanligt, s\u00e5 m\u00e4rks det ombord att det \u00e4r julafton.\u00a0<\/p>\n<p>\u2013 Vi k\u00f6r ett litet gemensamt julfirande med hela bes\u00e4ttningen, f\u00f6rst med julbord till lunch och sedan tr\u00e4nger vi ihop oss allihop i officersm\u00e4ssen och kollar p\u00e5 Kalle. Bes\u00e4ttningen har \u00e4ven f\u00f6rberett Secret Santa, s\u00e5 alla f\u00e5r en liten julklapp, s\u00e4ger Anton Holmberg.\u00a0<\/p>\n<p>\u00a0<\/p>\n","protected":false},"excerpt":{"rendered":"\u2013 Varken den ryska marinen eller handelssj\u00f6farten tar julledigt. Handeln och varutransporter mellan l\u00e4nder forts\u00e4tter \u00e5rets alla dagar.&hellip;\n","protected":false},"author":2,"featured_media":121759,"comment_status":"","ping_status":"","sticky":false,"template":"","format":"standard","meta":{"footnotes":""},"categories":[12],"tags":[22,23,26,27,12891,12892,17,21,24,25,28,29,12893,15,16,1647,18,34,2076,31,33,32,30,19,20,12894],"class_list":{"0":"post-121758","1":"post","2":"type-post","3":"status-publish","4":"format-standard","5":"has-post-thumbnail","7":"category-sverige","8":"tag-breaking-news","9":"tag-breakingnews","10":"tag-featured-news","11":"tag-featurednews","12":"tag-fjarde-sjostridsflottiljen","13":"tag-flottan","14":"tag-headlines","15":"tag-huvudnyheter","16":"tag-latest-news","17":"tag-latestnews","18":"tag-main-news","19":"tag-mainnews","20":"tag-minrojningsfartyg","21":"tag-news","22":"tag-nyheter","23":"tag-ostersjon","24":"tag-rubriker","25":"tag-se","26":"tag-sjoovervakning","27":"tag-svenska","28":"tag-sverige","29":"tag-sweden","30":"tag-swedish","31":"tag-top-stories","32":"tag-topstories","33":"tag-tredje-sjostridsflottiljen"},"share_on_mastodon":{"url":"https:\/\/pubeurope.com\/@se\/115814518233787438","error":""},"_links":{"self":[{"href":"https:\/\/www.europesays.com\/se\/wp-json\/wp\/v2\/posts\/121758","targetHints":{"allow":["GET"]}}],"collection":[{"href":"https:\/\/www.europesays.com\/se\/wp-json\/wp\/v2\/posts"}],"about":[{"href":"https:\/\/www.europesays.com\/se\/wp-json\/wp\/v2\/types\/post"}],"author":[{"embeddable":true,"href":"https:\/\/www.europesays.com\/se\/wp-json\/wp\/v2\/users\/2"}],"replies":[{"embeddable":true,"href":"https:\/\/www.europesays.com\/se\/wp-json\/wp\/v2\/comments?post=121758"}],"version-history":[{"count":0,"href":"https:\/\/www.europesays.com\/se\/wp-json\/wp\/v2\/posts\/121758\/revisions"}],"wp:featuredmedia":[{"embeddable":true,"href":"https:\/\/www.europesays.com\/se\/wp-json\/wp\/v2\/media\/121759"}],"wp:attachment":[{"href":"https:\/\/www.europesays.com\/se\/wp-json\/wp\/v2\/media?parent=121758"}],"wp:term":[{"taxonomy":"category","embeddable":true,"href":"https:\/\/www.europesays.com\/se\/wp-json\/wp\/v2\/categories?post=121758"},{"taxonomy":"post_tag","embeddable":true,"href":"https:\/\/www.europesays.com\/se\/wp-json\/wp\/v2\/tags?post=121758"}],"curies":[{"name":"wp","href":"https:\/\/api.w.org\/{rel}","templated":true}]}}