{"id":121760,"date":"2025-12-31T13:54:08","date_gmt":"2025-12-31T13:54:08","guid":{"rendered":"https:\/\/www.europesays.com\/se\/121760\/"},"modified":"2025-12-31T13:54:08","modified_gmt":"2025-12-31T13:54:08","slug":"tror-pa-seger-i-ukraina","status":"publish","type":"post","link":"https:\/\/www.europesays.com\/se\/121760\/","title":{"rendered":"Tror p\u00e5 seger i Ukraina"},"content":{"rendered":"<p>share-arrowDela<\/p>\n<p>unsaveSpara<\/p>\n<p>expand-left<\/p>\n<p>helsk\u00e4rm<img decoding=\"async\" class=\"image-asset hyperion-css-u06ts1\" data-test-tag=\"image-asset\" src=\"https:\/\/www.europesays.com\/se\/wp-content\/uploads\/2025\/12\/2507c947-c309-46a4-862a-716d894754a7.jpeg\"  alt=\"Rysslands president Vladimir Putin p\u00e5 en bild fr\u00e5n tisdagen.\"  loading=\"eager\" fetchpriority=\"high\" style=\"aspect-ratio:1900 \/ 1267\"\/>Rysslands president Vladimir Putin p\u00e5 en bild fr\u00e5n tisdagen. Foto: Mikhail Metzel\/AP\/TT<\/p>\n<p class=\"hyperion-css-1shl3oz\" data-test-tag=\"lead-text\">Rysslands president Vladimir Putin tror p\u00e5 en seger i Ukraina, s\u00e4ger han i sitt traditionella ny\u00e5rstal.<\/p>\n<p class=\"hyperion-css-1v9qo5x\">Putin uppmanar ryssarna att \u201dst\u00f6tta v\u00e5ra hj\u00e4ltar\u201d som strider i Ukraina.<\/p>\n<p class=\"hyperion-css-1v9qo5x\">\u2013 Vi tror p\u00e5 er och v\u00e5r seger, s\u00e4ger han i talet och \u00f6nskar alla soldater i Ukraina gott nytt \u00e5r.<\/p>\n<p class=\"hyperion-css-1v9qo5x\">Talet s\u00e4ndes f\u00f6rst i Kamtjatka som ligger allra l\u00e4ngst \u00f6sterut i Ryssland, i landets f\u00f6rsta tidszon att g\u00e5 \u00f6ver till 2026. Efterf\u00f6ljande timmar s\u00e4nds talet \u00e4ven i landets \u00f6vriga tio tidszoner l\u00e4ngre v\u00e4sterut.<\/p>\n<p class=\"hyperion-css-1v9qo5x\">P\u00e5 ny\u00e5rsafton \u00e4r det 26 \u00e5r sedan Vladimir Putin tog \u00f6ver makten i Ryssland efter Boris Jeltsins avg\u00e5ng 1999.<\/p>\n","protected":false},"excerpt":{"rendered":"share-arrowDela unsaveSpara expand-left helsk\u00e4rmRysslands president Vladimir Putin p\u00e5 en bild fr\u00e5n tisdagen. Foto: Mikhail Metzel\/AP\/TT Rysslands president Vladimir&hellip;\n","protected":false},"author":2,"featured_media":121761,"comment_status":"","ping_status":"","sticky":false,"template":"","format":"standard","meta":{"footnotes":""},"categories":[5],"tags":[22,23,26,27,17,21,24,25,28,29,15,16,18,34,31,33,32,30,19,20],"class_list":{"0":"post-121760","1":"post","2":"type-post","3":"status-publish","4":"format-standard","5":"has-post-thumbnail","7":"category-rubriker","8":"tag-breaking-news","9":"tag-breakingnews","10":"tag-featured-news","11":"tag-featurednews","12":"tag-headlines","13":"tag-huvudnyheter","14":"tag-latest-news","15":"tag-latestnews","16":"tag-main-news","17":"tag-mainnews","18":"tag-news","19":"tag-nyheter","20":"tag-rubriker","21":"tag-se","22":"tag-svenska","23":"tag-sverige","24":"tag-sweden","25":"tag-swedish","26":"tag-top-stories","27":"tag-topstories"},"share_on_mastodon":{"url":"https:\/\/pubeurope.com\/@se\/115814522221180385","error":""},"_links":{"self":[{"href":"https:\/\/www.europesays.com\/se\/wp-json\/wp\/v2\/posts\/121760","targetHints":{"allow":["GET"]}}],"collection":[{"href":"https:\/\/www.europesays.com\/se\/wp-json\/wp\/v2\/posts"}],"about":[{"href":"https:\/\/www.europesays.com\/se\/wp-json\/wp\/v2\/types\/post"}],"author":[{"embeddable":true,"href":"https:\/\/www.europesays.com\/se\/wp-json\/wp\/v2\/users\/2"}],"replies":[{"embeddable":true,"href":"https:\/\/www.europesays.com\/se\/wp-json\/wp\/v2\/comments?post=121760"}],"version-history":[{"count":0,"href":"https:\/\/www.europesays.com\/se\/wp-json\/wp\/v2\/posts\/121760\/revisions"}],"wp:featuredmedia":[{"embeddable":true,"href":"https:\/\/www.europesays.com\/se\/wp-json\/wp\/v2\/media\/121761"}],"wp:attachment":[{"href":"https:\/\/www.europesays.com\/se\/wp-json\/wp\/v2\/media?parent=121760"}],"wp:term":[{"taxonomy":"category","embeddable":true,"href":"https:\/\/www.europesays.com\/se\/wp-json\/wp\/v2\/categories?post=121760"},{"taxonomy":"post_tag","embeddable":true,"href":"https:\/\/www.europesays.com\/se\/wp-json\/wp\/v2\/tags?post=121760"}],"curies":[{"name":"wp","href":"https:\/\/api.w.org\/{rel}","templated":true}]}}