{"id":121764,"date":"2025-12-31T13:58:07","date_gmt":"2025-12-31T13:58:07","guid":{"rendered":"https:\/\/www.europesays.com\/se\/121764\/"},"modified":"2025-12-31T13:58:07","modified_gmt":"2025-12-31T13:58:07","slug":"2025-ars-basta-vikbara-mobil","status":"publish","type":"post","link":"https:\/\/www.europesays.com\/se\/121764\/","title":{"rendered":"2025 \u00e5rs b\u00e4sta vikbara mobil"},"content":{"rendered":"<p class=\"kicker t20 font-Raleway\" style=\"\">Fold i liknande niv\u00e5<\/p>\n<p>\n        Goddag Flip 7!<\/p>\n<p>    Under 2025 mognade den vikbara kategorin, blev tunnare och enligt Mobil var det Galaxy Z Flip 7 som tog priset.\u00a0<\/p>\n<p>    \u00c5rets vikbara: Samsung Galaxy Z Flip 7<\/p>\n<p>P\u00e5 pappret \u00e4r det en begr\u00e4nsad uppdatering, betydligt mindre \u00e4n f\u00f6r systermodellen Galaxy Z Fold 7. Telefonen har blivit lite tunnare och f\u00e5tt st\u00f6rre sk\u00e4rm, medan kamerorna \u00e4r desamma. I praktiken tycker jag att den tar anv\u00e4ndarupplevelsen av Samsungs Galaxy Z Flip-serie fr\u00e5n milt irriterande till riktigt attraktiv. Den st\u00f6rre sk\u00e4rmen inneb\u00e4r att du f\u00e5r en mobil med stor sk\u00e4rmyta som \u00e4nd\u00e5 \u00e4r kompakt, och den tunnare profilen g\u00f6r att den k\u00e4nns betydligt mindre klunsig i fickan. Den yttre sk\u00e4rmen blir ocks\u00e5 mer anv\u00e4ndbar av det st\u00f6rre formatet, och telefonen \u00e4r l\u00e4ttare att f\u00e4lla upp.<\/p>\n<p>L\u00e4s s\u00e5 klart v\u00e5rt <a href=\"https:\/\/www.mobil.se\/produkttester\/test-samsung-galaxy-z-flip-7-subtilt-battre\/1642792\" target=\"_blank\" data-lab-font_weight=\"font-weight-bold\" class=\"font-weight-bold m-font-weight-bold\" rel=\"nofollow noopener\">fullst\u00e4ndiga test av Flip 7<\/a> ocks\u00e5.<\/p>\n<p>Det h\u00e4r \u00e4r ett utdrag ur en l\u00e4ngre\u00a0artikel d\u00e4r Mobilredaktionen listat <a href=\"https:\/\/www.mobil.se\/reportage\/arets-basta-produkter-och-viktigaste-handelser-mobil-sammanfattar-2025\/1662269\" target=\"_blank\" rel=\"nofollow noopener\">2025 \u00e5rs fr\u00e4msta mobiltrender och det \u00e5rets b\u00e4sta produkter<\/a>. Artikeln publicerades tidigare i sin helhet exklusivt f\u00f6r Plus-medlemmar p\u00e5 Mobil.se.\u00a0<a href=\"https:\/\/www.mobil.se\/plus\" rel=\"nofollow noopener\" target=\"_blank\">H\u00e4r kan du bli Plus-medlem<\/a>\u00a0 och d\u00e4rmed f\u00e5 direkt tillg\u00e5ng till alla artiklar p\u00e5 Mobil.se. Som plusmedlem s\u00e5 f\u00e5r du samlade tips och m\u00e5nga andra f\u00f6rdjupande, v\u00e4gledande artiklar.<\/p>\n","protected":false},"excerpt":{"rendered":"Fold i liknande niv\u00e5 Goddag Flip 7! Under 2025 mognade den vikbara kategorin, blev tunnare och enligt Mobil&hellip;\n","protected":false},"author":2,"featured_media":121765,"comment_status":"","ping_status":"","sticky":false,"template":"","format":"standard","meta":{"footnotes":""},"categories":[66],"tags":[80,78,79,34,31,33,32,30,81,84,83,82],"class_list":{"0":"post-121764","1":"post","2":"type-post","3":"status-publish","4":"format-standard","5":"has-post-thumbnail","7":"category-vetenskap-och-teknik","8":"tag-science","9":"tag-science-and-technology","10":"tag-scienceandtechnology","11":"tag-se","12":"tag-svenska","13":"tag-sverige","14":"tag-sweden","15":"tag-swedish","16":"tag-technology","17":"tag-teknik","18":"tag-vetenskap","19":"tag-vetenskapteknik"},"share_on_mastodon":{"url":"https:\/\/pubeurope.com\/@se\/115814537863640119","error":""},"_links":{"self":[{"href":"https:\/\/www.europesays.com\/se\/wp-json\/wp\/v2\/posts\/121764","targetHints":{"allow":["GET"]}}],"collection":[{"href":"https:\/\/www.europesays.com\/se\/wp-json\/wp\/v2\/posts"}],"about":[{"href":"https:\/\/www.europesays.com\/se\/wp-json\/wp\/v2\/types\/post"}],"author":[{"embeddable":true,"href":"https:\/\/www.europesays.com\/se\/wp-json\/wp\/v2\/users\/2"}],"replies":[{"embeddable":true,"href":"https:\/\/www.europesays.com\/se\/wp-json\/wp\/v2\/comments?post=121764"}],"version-history":[{"count":0,"href":"https:\/\/www.europesays.com\/se\/wp-json\/wp\/v2\/posts\/121764\/revisions"}],"wp:featuredmedia":[{"embeddable":true,"href":"https:\/\/www.europesays.com\/se\/wp-json\/wp\/v2\/media\/121765"}],"wp:attachment":[{"href":"https:\/\/www.europesays.com\/se\/wp-json\/wp\/v2\/media?parent=121764"}],"wp:term":[{"taxonomy":"category","embeddable":true,"href":"https:\/\/www.europesays.com\/se\/wp-json\/wp\/v2\/categories?post=121764"},{"taxonomy":"post_tag","embeddable":true,"href":"https:\/\/www.europesays.com\/se\/wp-json\/wp\/v2\/tags?post=121764"}],"curies":[{"name":"wp","href":"https:\/\/api.w.org\/{rel}","templated":true}]}}