{"id":121767,"date":"2025-12-31T14:01:13","date_gmt":"2025-12-31T14:01:13","guid":{"rendered":"https:\/\/www.europesays.com\/se\/121767\/"},"modified":"2025-12-31T14:01:13","modified_gmt":"2025-12-31T14:01:13","slug":"psykiatrins-fiasko-skordar-manga-offer-svd","status":"publish","type":"post","link":"https:\/\/www.europesays.com\/se\/121767\/","title":{"rendered":"Psykiatrins fiasko sk\u00f6rdar m\u00e5nga offer &#8211; SvD"},"content":{"rendered":"<ol>\n<li><a href=\"https:\/\/news.google.com\/rss\/articles\/CBMingFBVV95cUxQNXFGSlJHaThtU0V5M1VoaUsza1pTdk9Ea1NwV3kwZG9tN1B4N0JxeHFrRTh6NENYUElfYTRXSjJzTmdZdjJGNVlRQi15SzZ6Rms2ZW1IMjV1ZnZQd240bHBWUHpaUUdVT3FhSTY2eUd1eHdrc2FZU1dmOUU2Nld1TDhPV2RCdV9mLVF0cU14bnA1WHFacjliVUpmS1Bkdw?oc=5\" target=\"_blank\" rel=\"nofollow noopener\">Psykiatrins fiasko sk\u00f6rdar m\u00e5nga offer<\/a>&nbsp;&nbsp;SvD<\/li>\n<li><a href=\"https:\/\/news.google.com\/rss\/articles\/CBMijwFBVV95cUxPRG5tZk95UWJrLUNpMVNKWFR5YjBWM2ZjMmJnOFk0bWxwS0d3R1dZTVljYWVpTnBMSzVkUjdRb2RUWmFMOHEtZ05TZkFlVWZYZ3JYZnhsUFpTcnlsaWRLTnVvQU9zcGJmU1FEbmNHNGV5UU1nLUY2bGhSbEtGOW5vbjlMNmpOZ3BLUThrQ3RjSQ?oc=5\" target=\"_blank\" rel=\"nofollow noopener\">DEBATT: Som polis ser jag hur psykiskt sjuka sl\u00e4pps ut<\/a>&nbsp;&nbsp;Expressen<\/li>\n<li><a href=\"https:\/\/news.google.com\/rss\/articles\/CBMipwFBVV95cUxPUkJiR1REcG1HS1M5MlMxQ1JvaWhhNHJiVXUtUE01c21EZmNtZDBXbURJbWJ3amNhM09DNnhObU5FV2dnd2wySi1QbU9iMTl1NlhNUk9aV3E0akY1NWFYazlQcDFLNnphcTFhOHJ4VTdLRmVpM2J1ZTJKaGFXUm5xSEZEZFdPWmhrMmh6Qi0tWWdrU3RBWnRDNGJRT2dDbmJKSkxlX1BjQQ?oc=5\" target=\"_blank\" rel=\"nofollow noopener\">Ovanligt att psykiatrin missar farliga personer: \u201dEnstaka katastrofer\u201d<\/a>&nbsp;&nbsp;Sveriges Radio<\/li>\n<li><a href=\"https:\/\/news.google.com\/rss\/articles\/CBMipAFBVV95cUxONEplWk0teHZ4RVl2NHdiWDkzTUR4SXVyTlVQU2JyM0ZEdXVwZFNFQ1lWdzNfSXk5SERDREU1TmlvNW4xT3R4aHlmdnYwRW1vRjZPeVlzUlJSQnNOYjJ0UXROSm5qNmhtVnV4alFlOVdQZ1A0T0w1YW40dERVVk16bU14UXV6SXZ6R3A2Wi00ZTMxa3dINldIb0RLS2xMTUFwc3NELQ?oc=5\" target=\"_blank\" rel=\"nofollow noopener\">INS\u00c4NDARE: Sekretess f\u00e5r inte bli en sk\u00f6ld f\u00f6r politiska beslut<\/a>&nbsp;&nbsp;Kuriren<\/li>\n<li><a href=\"https:\/\/news.google.com\/rss\/articles\/CBMidEFVX3lxTE9RM3ZCTFdrd2pOMldjdjNXVTFobjVrWEtzS0lTZzJ1S05jVFNjcXJZY2E5UXhIclIxOEQwclZWT2RYdHY2MlhBM0U4X1ZsNzU3OHNtQmNsZzZ4ZEFJNjNWc242Qm5ZLWJXdnNNamdJeU9FZlFD?oc=5\" target=\"_blank\" rel=\"nofollow noopener\">Christoffer Jonsson: V\u00e4rna brottsoffret, inte brottslingen<\/a>&nbsp;&nbsp;Fokus &#8211; Sveriges nyhetsmagasin<\/li>\n<\/ol>\n","protected":false},"excerpt":{"rendered":"Psykiatrins fiasko sk\u00f6rdar m\u00e5nga offer&nbsp;&nbsp;SvD DEBATT: Som polis ser jag hur psykiskt sjuka sl\u00e4pps ut&nbsp;&nbsp;Expressen Ovanligt att psykiatrin&hellip;\n","protected":false},"author":2,"featured_media":121157,"comment_status":"","ping_status":"","sticky":false,"template":"","format":"standard","meta":{"footnotes":""},"categories":[12],"tags":[22,23,26,27,17,21,24,25,28,29,15,16,18,34,31,33,32,30,19,20],"class_list":{"0":"post-121767","1":"post","2":"type-post","3":"status-publish","4":"format-standard","5":"has-post-thumbnail","7":"category-sverige","8":"tag-breaking-news","9":"tag-breakingnews","10":"tag-featured-news","11":"tag-featurednews","12":"tag-headlines","13":"tag-huvudnyheter","14":"tag-latest-news","15":"tag-latestnews","16":"tag-main-news","17":"tag-mainnews","18":"tag-news","19":"tag-nyheter","20":"tag-rubriker","21":"tag-se","22":"tag-svenska","23":"tag-sverige","24":"tag-sweden","25":"tag-swedish","26":"tag-top-stories","27":"tag-topstories"},"share_on_mastodon":{"url":"https:\/\/pubeurope.com\/@se\/115814549661964367","error":""},"_links":{"self":[{"href":"https:\/\/www.europesays.com\/se\/wp-json\/wp\/v2\/posts\/121767","targetHints":{"allow":["GET"]}}],"collection":[{"href":"https:\/\/www.europesays.com\/se\/wp-json\/wp\/v2\/posts"}],"about":[{"href":"https:\/\/www.europesays.com\/se\/wp-json\/wp\/v2\/types\/post"}],"author":[{"embeddable":true,"href":"https:\/\/www.europesays.com\/se\/wp-json\/wp\/v2\/users\/2"}],"replies":[{"embeddable":true,"href":"https:\/\/www.europesays.com\/se\/wp-json\/wp\/v2\/comments?post=121767"}],"version-history":[{"count":0,"href":"https:\/\/www.europesays.com\/se\/wp-json\/wp\/v2\/posts\/121767\/revisions"}],"wp:featuredmedia":[{"embeddable":true,"href":"https:\/\/www.europesays.com\/se\/wp-json\/wp\/v2\/media\/121157"}],"wp:attachment":[{"href":"https:\/\/www.europesays.com\/se\/wp-json\/wp\/v2\/media?parent=121767"}],"wp:term":[{"taxonomy":"category","embeddable":true,"href":"https:\/\/www.europesays.com\/se\/wp-json\/wp\/v2\/categories?post=121767"},{"taxonomy":"post_tag","embeddable":true,"href":"https:\/\/www.europesays.com\/se\/wp-json\/wp\/v2\/tags?post=121767"}],"curies":[{"name":"wp","href":"https:\/\/api.w.org\/{rel}","templated":true}]}}