{"id":121768,"date":"2025-12-31T14:02:14","date_gmt":"2025-12-31T14:02:14","guid":{"rendered":"https:\/\/www.europesays.com\/se\/121768\/"},"modified":"2025-12-31T14:02:14","modified_gmt":"2025-12-31T14:02:14","slug":"preppar-for-fyrverkerifest-har-handlat-for-16-000-kronor-unt","status":"publish","type":"post","link":"https:\/\/www.europesays.com\/se\/121768\/","title":{"rendered":"Preppar f\u00f6r fyrverkerifest: &quot;Har handlat f\u00f6r 16 000 kronor&quot; &#8211; UNT"},"content":{"rendered":"<ol>\n<li><a href=\"https:\/\/news.google.com\/rss\/articles\/CBMimwFBVV95cUxPalJFMGpDSWNyMWFEYXFxWm9fQ1JvcDhGZ0ZyZ3JrWVMweExtSzRsRWFybGV2bEFvelhCYnZXcTZXd1dQeVdUTFZibzROY1dmbG9rS0tsU3J0U2xFUFFhemo4bDdkQUM4cmZRZ3VqYzRZS3pGX1VaVmpod2NnVk1PN1gzaHVGYldPRlpJajdiekh2Y1A2VE9RdFdPMA?oc=5\" target=\"_blank\" rel=\"nofollow noopener\">Preppar f\u00f6r fyrverkerifest: &#8221;Har handlat f\u00f6r 16 000 kronor&#8221;<\/a>&nbsp;&nbsp;UNT<\/li>\n<li><a href=\"https:\/\/news.google.com\/rss\/articles\/CBMikgFBVV95cUxQQi1uT2VRY3NVa1BYTndvbFlXRHFiU3hDeXIyXzRyUVExZUM1Mmw0aTRPSUdnX1dDdDJzaENIQlVYRzQ2dHN5TVVnVXhLMW5HOXhtVWQtUkNZZF9mLU11a01RbzVLZnVWY0wwZVNTSEViaUtWV2h3c09GWFMyMl94eUZaeXZHNzNQQ3BtdlUtT0Jydw?oc=5\" target=\"_blank\" rel=\"nofollow noopener\">H\u00e4ssleholmarna laddar med fyrverkerier \u2013 st\u00f6rst s\u00e4ljer b\u00e4st<\/a>&nbsp;&nbsp;Norra Sk\u00e5ne<\/li>\n<li><a href=\"https:\/\/news.google.com\/rss\/articles\/CBMirwFBVV95cUxNSDZmR0hGdTNEUGg0N19xbTNMaWxiNUVpUkF6NVcwS01YOWV3Z3lka3hPVndDSDJNQ2s3M3ZrWmVWQjZrWFVLMzdaRk9UV2VoMFNWR0lnMXQzR2t3aGxKdnd6d2tfSjMyOTBRaDdfSDlHZUdveWZaTDZrdFlJSkJHdDVZOUtMb2xZeXlfZFBPeEJSUnVvLWV5LUFDM0FEMGV1VzB6U0NaX1l2ektWNlJ3?oc=5\" target=\"_blank\" rel=\"nofollow noopener\">Pangbrudarna satsar p\u00e5 tysta fyrverkerier: \u201dSlut f\u00f6rsta dagen\u201d<\/a>&nbsp;&nbsp;Kristianstadsbladet<\/li>\n<li><a href=\"https:\/\/news.google.com\/rss\/articles\/CBMihAFBVV95cUxQR2k5TzZ0RWIxVHFydU1BU1VCb0x4Qi1kVHV5M29zVHg4X2tqcGZ4cUlRNURzSVhoNGhwdExlRlpLNktjdG15SjVnOGdJM2c5MG5uWloxVEpwYUQySVI5WVhIVmRjVWpjR1VrWkJuQUIzc0djd25rTWdDeExwQUhaWXUza3c?oc=5\" target=\"_blank\" rel=\"nofollow noopener\">Stoppar billiga fyrverkeriet \u2013 popul\u00e4rt bland barn<\/a>&nbsp;&nbsp;Bor\u00e5s Tidning<\/li>\n<li><a href=\"https:\/\/news.google.com\/rss\/articles\/CBMimwFBVV95cUxQcjRTYTAxR2x2TDBQSWphOFFPQ0N1ci1EcGFybllTVDJWZzRJRnJ6a25xTTFkX1lfNXZyMmk1ZjJGNU9pT2xSb3ZqR2VvWDZieS01RzVNRWNQSkVUSzY4M3Vxd0htRWRoUG5FMHo3UmMteDFFb0FHbWcwbFBIczhIRlRudnN0czVtVHFOMTZBQWZ6RHdmOHZHLUl3SQ?oc=5\" target=\"_blank\" rel=\"nofollow noopener\">Sista minuten-rusning efter ny\u00e5rsfyrverkerier \u2013 h\u00e4r \u00e4r stors\u00e4ljaren<\/a>&nbsp;&nbsp;Ulricehamns Tidning<\/li>\n<\/ol>\n","protected":false},"excerpt":{"rendered":"Preppar f\u00f6r fyrverkerifest: &#8221;Har handlat f\u00f6r 16 000 kronor&#8221;&nbsp;&nbsp;UNT H\u00e4ssleholmarna laddar med fyrverkerier \u2013 st\u00f6rst s\u00e4ljer b\u00e4st&nbsp;&nbsp;Norra Sk\u00e5ne&hellip;\n","protected":false},"author":2,"featured_media":121769,"comment_status":"","ping_status":"","sticky":false,"template":"","format":"standard","meta":{"footnotes":""},"categories":[5],"tags":[22,23,26,27,17,21,24,25,28,29,15,16,18,34,31,33,32,30,19,20],"class_list":{"0":"post-121768","1":"post","2":"type-post","3":"status-publish","4":"format-standard","5":"has-post-thumbnail","7":"category-rubriker","8":"tag-breaking-news","9":"tag-breakingnews","10":"tag-featured-news","11":"tag-featurednews","12":"tag-headlines","13":"tag-huvudnyheter","14":"tag-latest-news","15":"tag-latestnews","16":"tag-main-news","17":"tag-mainnews","18":"tag-news","19":"tag-nyheter","20":"tag-rubriker","21":"tag-se","22":"tag-svenska","23":"tag-sverige","24":"tag-sweden","25":"tag-swedish","26":"tag-top-stories","27":"tag-topstories"},"share_on_mastodon":{"url":"https:\/\/pubeurope.com\/@se\/115814553513956535","error":""},"_links":{"self":[{"href":"https:\/\/www.europesays.com\/se\/wp-json\/wp\/v2\/posts\/121768","targetHints":{"allow":["GET"]}}],"collection":[{"href":"https:\/\/www.europesays.com\/se\/wp-json\/wp\/v2\/posts"}],"about":[{"href":"https:\/\/www.europesays.com\/se\/wp-json\/wp\/v2\/types\/post"}],"author":[{"embeddable":true,"href":"https:\/\/www.europesays.com\/se\/wp-json\/wp\/v2\/users\/2"}],"replies":[{"embeddable":true,"href":"https:\/\/www.europesays.com\/se\/wp-json\/wp\/v2\/comments?post=121768"}],"version-history":[{"count":0,"href":"https:\/\/www.europesays.com\/se\/wp-json\/wp\/v2\/posts\/121768\/revisions"}],"wp:featuredmedia":[{"embeddable":true,"href":"https:\/\/www.europesays.com\/se\/wp-json\/wp\/v2\/media\/121769"}],"wp:attachment":[{"href":"https:\/\/www.europesays.com\/se\/wp-json\/wp\/v2\/media?parent=121768"}],"wp:term":[{"taxonomy":"category","embeddable":true,"href":"https:\/\/www.europesays.com\/se\/wp-json\/wp\/v2\/categories?post=121768"},{"taxonomy":"post_tag","embeddable":true,"href":"https:\/\/www.europesays.com\/se\/wp-json\/wp\/v2\/tags?post=121768"}],"curies":[{"name":"wp","href":"https:\/\/api.w.org\/{rel}","templated":true}]}}