{"id":121770,"date":"2025-12-31T14:07:40","date_gmt":"2025-12-31T14:07:40","guid":{"rendered":"https:\/\/www.europesays.com\/se\/121770\/"},"modified":"2025-12-31T14:07:40","modified_gmt":"2025-12-31T14:07:40","slug":"peking-infor-extratullar-pa-kott-mot-flera-lander","status":"publish","type":"post","link":"https:\/\/www.europesays.com\/se\/121770\/","title":{"rendered":"Peking inf\u00f6r extratullar p\u00e5 k\u00f6tt mot flera l\u00e4nder"},"content":{"rendered":"<p>Kina inf\u00f6r fr\u00e5n \u00e5rsskiftet ytterligare tullar p\u00e5 upp till 55 procent p\u00e5 n\u00f6tk\u00f6ttprodukter som \u00f6verskrider fastst\u00e4llda kvoter, skriver Reuters. <\/p>\n<p>\u00c5tg\u00e4rden omfattar bland andra Brasilien, Argentina, USA och Nya Zeeland. <\/p>\n<p>Kvoten f\u00f6r 2026 s\u00e4tts till 2,7 miljoner ton och h\u00f6js gradvis. <\/p>\n<p>Omni \u00e4r politiskt obundna och oberoende. Vi str\u00e4var efter att ge fler perspektiv p\u00e5 nyheterna. Har du fr\u00e5gor eller synpunkter kring v\u00e5r rapportering? <a href=\"https:\/\/omni.se\/peking-infor-ytterligare-kottullar-mot-flera-lander\/a\/mailto:redaktion@omni.se\" class=\"ArticleActions_contactLink__W2F1M\" rel=\"nofollow noopener\" target=\"_blank\">Kontakta redaktionen<\/a><\/p>\n","protected":false},"excerpt":{"rendered":"Kina inf\u00f6r fr\u00e5n \u00e5rsskiftet ytterligare tullar p\u00e5 upp till 55 procent p\u00e5 n\u00f6tk\u00f6ttprodukter som \u00f6verskrider fastst\u00e4llda kvoter, skriver&hellip;\n","protected":false},"author":2,"featured_media":121771,"comment_status":"","ping_status":"","sticky":false,"template":"","format":"standard","meta":{"footnotes":""},"categories":[65],"tags":[5369,420,707,72,70,71,549,491,34,31,33,32,30,77,74],"class_list":{"0":"post-121770","1":"post","2":"type-post","3":"status-publish","4":"format-standard","5":"has-post-thumbnail","7":"category-ekonomi","8":"tag-argentina","9":"tag-asien","10":"tag-brasilien","11":"tag-business","12":"tag-economy","13":"tag-ekonomi","14":"tag-kina","15":"tag-livsmedelsindustri","16":"tag-se","17":"tag-svenska","18":"tag-sverige","19":"tag-sweden","20":"tag-swedish","21":"tag-tullkrisen","22":"tag-usa"},"share_on_mastodon":{"url":"https:\/\/pubeurope.com\/@se\/115814573228199335","error":""},"_links":{"self":[{"href":"https:\/\/www.europesays.com\/se\/wp-json\/wp\/v2\/posts\/121770","targetHints":{"allow":["GET"]}}],"collection":[{"href":"https:\/\/www.europesays.com\/se\/wp-json\/wp\/v2\/posts"}],"about":[{"href":"https:\/\/www.europesays.com\/se\/wp-json\/wp\/v2\/types\/post"}],"author":[{"embeddable":true,"href":"https:\/\/www.europesays.com\/se\/wp-json\/wp\/v2\/users\/2"}],"replies":[{"embeddable":true,"href":"https:\/\/www.europesays.com\/se\/wp-json\/wp\/v2\/comments?post=121770"}],"version-history":[{"count":0,"href":"https:\/\/www.europesays.com\/se\/wp-json\/wp\/v2\/posts\/121770\/revisions"}],"wp:featuredmedia":[{"embeddable":true,"href":"https:\/\/www.europesays.com\/se\/wp-json\/wp\/v2\/media\/121771"}],"wp:attachment":[{"href":"https:\/\/www.europesays.com\/se\/wp-json\/wp\/v2\/media?parent=121770"}],"wp:term":[{"taxonomy":"category","embeddable":true,"href":"https:\/\/www.europesays.com\/se\/wp-json\/wp\/v2\/categories?post=121770"},{"taxonomy":"post_tag","embeddable":true,"href":"https:\/\/www.europesays.com\/se\/wp-json\/wp\/v2\/tags?post=121770"}],"curies":[{"name":"wp","href":"https:\/\/api.w.org\/{rel}","templated":true}]}}