{"id":121772,"date":"2025-12-31T14:09:21","date_gmt":"2025-12-31T14:09:21","guid":{"rendered":"https:\/\/www.europesays.com\/se\/121772\/"},"modified":"2025-12-31T14:09:21","modified_gmt":"2025-12-31T14:09:21","slug":"dn-direkt-ytterligare-miljardorder-till-saab","status":"publish","type":"post","link":"https:\/\/www.europesays.com\/se\/121772\/","title":{"rendered":"DN Direkt \u2013 Ytterligare miljardorder till Saab"},"content":{"rendered":"<p>I g\u00e5r 16:03Uppdaterad I g\u00e5r 16:20<\/p>\n<p>Dela<img decoding=\"async\" class=\"picture__img\" src=\"https:\/\/www.europesays.com\/se\/wp-content\/uploads\/2025\/12\/a9a4905b-ab04-4b07-a71d-08bffd1043ff.jpeg\" loading=\"lazy\"   alt=\"Sivert Guttorm Bakken hittades d\u00f6d p\u00e5 sitt hotellrum.\"\/>Sivert Guttorm Bakken hittades d\u00f6d p\u00e5 sitt hotellrum. Foto: Geir Olsen\/TT<\/p>\n<p>Den norske skidskytten Sivert Guttorm Bakken hittades d\u00f6d p\u00e5 sitt hotellrum dagen f\u00f6re julafton.<\/p>\n<p>Resultatet fr\u00e5n den r\u00e4ttsmedicinska unders\u00f6kningen kommer att dr\u00f6ja flera m\u00e5nader, enligt familjens advokat.<\/p>\n<p>\u201dVarken familjen eller vi har f\u00e5tt n\u00e5gon information om resultaten av den r\u00e4ttsmedicinska unders\u00f6kningen, och familjen kommer inte att f\u00e5 veta mer om d\u00f6dsorsaken f\u00f6rr\u00e4n i mars n\u00e4sta \u00e5r\u201d, s\u00e4ger advokat Bernt Heiberg i ett pressmeddelande.<\/p>\n<p>Bakken hittades d\u00f6d p\u00e5 sitt hotellrum i italienska Lavaz\u00e8 dagen f\u00f6re julafton. P\u00e5 sig hade han en h\u00f6gh\u00f6jdsmask. D\u00f6dsorsaken \u00e4r \u00e4nnu inte klarlagd.<\/p>\n<p>Till f\u00f6ljd av d\u00f6dsfallet avr\u00e5der Norges olympiska kommitt\u00e9 fr\u00e5n anv\u00e4ndning av h\u00f6gh\u00f6jdsmasker.<\/p>\n<p>\u201dVi uppmanar b\u00e5de idrottsv\u00e4rlden och pressen att av respekt f\u00f6r hans familj avst\u00e5 fr\u00e5n spekulationer om vad som kan ha orsakat Bakkens d\u00f6d. Idrottsv\u00e4rldens behov av att utv\u00e4rdera anv\u00e4ndningen av simulerad h\u00f6gh\u00f6jdsutrustning m\u00e5ste ske utan att kopplas till Bakkens d\u00f6d\u201d, s\u00e4ger Heiberg.<\/p>\n<p>Sivert Guttorm Bakken blev 27 \u00e5r.<\/p>\n<p><strong>TT<\/strong><\/p>\n","protected":false},"excerpt":{"rendered":"I g\u00e5r 16:03Uppdaterad I g\u00e5r 16:20 DelaSivert Guttorm Bakken hittades d\u00f6d p\u00e5 sitt hotellrum. Foto: Geir Olsen\/TT Den&hellip;\n","protected":false},"author":2,"featured_media":121773,"comment_status":"","ping_status":"","sticky":false,"template":"","format":"standard","meta":{"footnotes":""},"categories":[12],"tags":[22,23,26,27,17,21,24,25,28,29,15,16,18,34,31,33,32,30,19,20],"class_list":{"0":"post-121772","1":"post","2":"type-post","3":"status-publish","4":"format-standard","5":"has-post-thumbnail","7":"category-sverige","8":"tag-breaking-news","9":"tag-breakingnews","10":"tag-featured-news","11":"tag-featurednews","12":"tag-headlines","13":"tag-huvudnyheter","14":"tag-latest-news","15":"tag-latestnews","16":"tag-main-news","17":"tag-mainnews","18":"tag-news","19":"tag-nyheter","20":"tag-rubriker","21":"tag-se","22":"tag-svenska","23":"tag-sverige","24":"tag-sweden","25":"tag-swedish","26":"tag-top-stories","27":"tag-topstories"},"share_on_mastodon":{"url":"https:\/\/pubeurope.com\/@se\/115814581194336263","error":""},"_links":{"self":[{"href":"https:\/\/www.europesays.com\/se\/wp-json\/wp\/v2\/posts\/121772","targetHints":{"allow":["GET"]}}],"collection":[{"href":"https:\/\/www.europesays.com\/se\/wp-json\/wp\/v2\/posts"}],"about":[{"href":"https:\/\/www.europesays.com\/se\/wp-json\/wp\/v2\/types\/post"}],"author":[{"embeddable":true,"href":"https:\/\/www.europesays.com\/se\/wp-json\/wp\/v2\/users\/2"}],"replies":[{"embeddable":true,"href":"https:\/\/www.europesays.com\/se\/wp-json\/wp\/v2\/comments?post=121772"}],"version-history":[{"count":0,"href":"https:\/\/www.europesays.com\/se\/wp-json\/wp\/v2\/posts\/121772\/revisions"}],"wp:featuredmedia":[{"embeddable":true,"href":"https:\/\/www.europesays.com\/se\/wp-json\/wp\/v2\/media\/121773"}],"wp:attachment":[{"href":"https:\/\/www.europesays.com\/se\/wp-json\/wp\/v2\/media?parent=121772"}],"wp:term":[{"taxonomy":"category","embeddable":true,"href":"https:\/\/www.europesays.com\/se\/wp-json\/wp\/v2\/categories?post=121772"},{"taxonomy":"post_tag","embeddable":true,"href":"https:\/\/www.europesays.com\/se\/wp-json\/wp\/v2\/tags?post=121772"}],"curies":[{"name":"wp","href":"https:\/\/api.w.org\/{rel}","templated":true}]}}