{"id":121774,"date":"2025-12-31T14:10:15","date_gmt":"2025-12-31T14:10:15","guid":{"rendered":"https:\/\/www.europesays.com\/se\/121774\/"},"modified":"2025-12-31T14:10:15","modified_gmt":"2025-12-31T14:10:15","slug":"william-karlsson-missar-os-spel-med-tre-kronor","status":"publish","type":"post","link":"https:\/\/www.europesays.com\/se\/121774\/","title":{"rendered":"William Karlsson missar OS-spel med Tre Kronor"},"content":{"rendered":"<p><strong>William Karlsson, 32, missar OS i Milano\/Cortina.<br \/>Det st\u00e5r klart p\u00e5 onsdagen \u2013 d\u00e5 skadan fr\u00e5n i november nu s\u00e4tter stopp.<\/strong><\/p>\n<p><img loading=\"lazy\" decoding=\"async\" width=\"1024\" height=\"682\" src=\"https:\/\/www.europesays.com\/se\/wp-content\/uploads\/2025\/12\/BB250520JM096-1024x682.webp.webp\" alt=\"\" class=\"wp-image-340657\"  \/>William Karlsson spelade VM i v\u00e5ras f\u00f6r Sverige.<br \/>\nFoto: Joel Marklund \/ BILDBYR\u00c5N \/ kod JM \/ JM0689<\/p>\n<p>Sam Hallam har en f\u00e4rre center att v\u00e4lja mellan nu. F\u00f6r p\u00e5 onsdagen, med bara ett dygn tills trupperna ska vara uttagna, s\u00e5 st\u00e5r det nu klart att <a href=\"https:\/\/hockeysverige.se\/spelare\/william-karlsson\" rel=\"nofollow noopener\" target=\"_blank\">William Karlsson,<\/a> 32, inte \u00e4r uttagningsbar. Det har tidigare ryktats om att hans plats inte \u00e4r s\u00e5 sj\u00e4lvklar \u00e4nd\u00e5, utan att han snarare tillh\u00f6r den grupp som ligger p\u00e5 gr\u00e4nsen till uttagning.<\/p>\n<p>Men skadan s\u00e4tter nu stopp. Den assisterande lagkaptenen i <a href=\"https:\/\/hockeysverige.se\/klubb\/vegas-golden-knights\" rel=\"nofollow noopener\" target=\"_blank\">Vegas Golden Knights<\/a> har varit borta med en underkroppsskada i tv\u00e5 m\u00e5nader och \u00e4r inte uttagningsbar, det rapporterar <a href=\"https:\/\/www.instagram.com\/p\/DS6CsoFD4oI\/?igsh=M2Rkd3p4Yjlicncx&amp;fbclid=IwY2xjawPBwL5zcnRjBmFwcF9pZAEwAAEe3pT5rvQl-5zICNnkubK8CkK7rD7_NkS5UH4Pg1L9IQNcKwXxWxuB75unZg8&amp;brid=jRg3xsrQ1ef4mkHr5qJ7eA\" rel=\"nofollow noopener\" target=\"_blank\">TSN<\/a> p\u00e5 onsdagen.<\/p>\n<p>Innan skadan stod Karlsson f\u00f6r sju po\u00e4ng (4+3) p\u00e5 14 matcher i <a href=\"https:\/\/hockeysverige.se\/nhl\" rel=\"nofollow noopener\" target=\"_blank\">NHL<\/a>.<\/p>\n<p> Source: <a href=\"https:\/\/www.eliteprospects.com\/player\/19432\/william-karlsson\" target=\"_blank\" rel=\"noopener noreferrer nofollow\">William Karlsson<\/a> @ Elite Prospects<\/p>\n<p><script async src=\"\/\/www.instagram.com\/embed.js\"><\/script><\/p>\n","protected":false},"excerpt":{"rendered":"William Karlsson, 32, missar OS i Milano\/Cortina.Det st\u00e5r klart p\u00e5 onsdagen \u2013 d\u00e5 skadan fr\u00e5n i november nu&hellip;\n","protected":false},"author":2,"featured_media":121775,"comment_status":"","ping_status":"","sticky":false,"template":"","format":"standard","meta":{"footnotes":""},"categories":[5],"tags":[22,23,26,27,17,21,24,25,28,29,15,16,2578,18,34,133,31,33,32,30,19,20],"class_list":{"0":"post-121774","1":"post","2":"type-post","3":"status-publish","4":"format-standard","5":"has-post-thumbnail","7":"category-rubriker","8":"tag-breaking-news","9":"tag-breakingnews","10":"tag-featured-news","11":"tag-featurednews","12":"tag-headlines","13":"tag-huvudnyheter","14":"tag-latest-news","15":"tag-latestnews","16":"tag-main-news","17":"tag-mainnews","18":"tag-news","19":"tag-nyheter","20":"tag-os","21":"tag-rubriker","22":"tag-se","23":"tag-second-news","24":"tag-svenska","25":"tag-sverige","26":"tag-sweden","27":"tag-swedish","28":"tag-top-stories","29":"tag-topstories"},"share_on_mastodon":{"url":"https:\/\/pubeurope.com\/@se\/115814584975464771","error":""},"_links":{"self":[{"href":"https:\/\/www.europesays.com\/se\/wp-json\/wp\/v2\/posts\/121774","targetHints":{"allow":["GET"]}}],"collection":[{"href":"https:\/\/www.europesays.com\/se\/wp-json\/wp\/v2\/posts"}],"about":[{"href":"https:\/\/www.europesays.com\/se\/wp-json\/wp\/v2\/types\/post"}],"author":[{"embeddable":true,"href":"https:\/\/www.europesays.com\/se\/wp-json\/wp\/v2\/users\/2"}],"replies":[{"embeddable":true,"href":"https:\/\/www.europesays.com\/se\/wp-json\/wp\/v2\/comments?post=121774"}],"version-history":[{"count":0,"href":"https:\/\/www.europesays.com\/se\/wp-json\/wp\/v2\/posts\/121774\/revisions"}],"wp:featuredmedia":[{"embeddable":true,"href":"https:\/\/www.europesays.com\/se\/wp-json\/wp\/v2\/media\/121775"}],"wp:attachment":[{"href":"https:\/\/www.europesays.com\/se\/wp-json\/wp\/v2\/media?parent=121774"}],"wp:term":[{"taxonomy":"category","embeddable":true,"href":"https:\/\/www.europesays.com\/se\/wp-json\/wp\/v2\/categories?post=121774"},{"taxonomy":"post_tag","embeddable":true,"href":"https:\/\/www.europesays.com\/se\/wp-json\/wp\/v2\/tags?post=121774"}],"curies":[{"name":"wp","href":"https:\/\/api.w.org\/{rel}","templated":true}]}}