{"id":121776,"date":"2025-12-31T14:15:21","date_gmt":"2025-12-31T14:15:21","guid":{"rendered":"https:\/\/www.europesays.com\/se\/121776\/"},"modified":"2025-12-31T14:15:21","modified_gmt":"2025-12-31T14:15:21","slug":"95-kvadratmeter-stort-hus-i-vastervik-far-nya-agare","status":"publish","type":"post","link":"https:\/\/www.europesays.com\/se\/121776\/","title":{"rendered":"95 kvadratmeter stort hus i V\u00e4stervik f\u00e5r nya \u00e4gare"},"content":{"rendered":"<p> K\u00f6pesumman blev 4\u00a0100\u00a0000 kronor och de nya \u00e4garna tog \u00f6ver huset i december 2025. Huset \u00e4r 95 kvadratmeter stort och byggdes 2018.Nyligen s\u00e5ldes ett annat hus lite mindre \u00e4n en kilometer d\u00e4rifr\u00e5n, p\u00e5 Seldonsv\u00e4gen 2. D\u00e4r s\u00e5ldes ett 147 kvadratmeter stort hus och priset f\u00f6r det blev 3\u00a0350\u00a0000 kronor.Se alla lagfarter h\u00e4rDe senaste tolv m\u00e5naderna har det s\u00e5lts sju hus <\/p>\n","protected":false},"excerpt":{"rendered":"K\u00f6pesumman blev 4\u00a0100\u00a0000 kronor och de nya \u00e4garna tog \u00f6ver huset i december 2025. Huset \u00e4r 95 kvadratmeter&hellip;\n","protected":false},"author":2,"featured_media":121777,"comment_status":"","ping_status":"","sticky":false,"template":"","format":"standard","meta":{"footnotes":""},"categories":[65],"tags":[72,70,71,34,31,33,32,30],"class_list":{"0":"post-121776","1":"post","2":"type-post","3":"status-publish","4":"format-standard","5":"has-post-thumbnail","7":"category-ekonomi","8":"tag-business","9":"tag-economy","10":"tag-ekonomi","11":"tag-se","12":"tag-svenska","13":"tag-sverige","14":"tag-sweden","15":"tag-swedish"},"share_on_mastodon":{"url":"https:\/\/pubeurope.com\/@se\/115814604679459878","error":""},"_links":{"self":[{"href":"https:\/\/www.europesays.com\/se\/wp-json\/wp\/v2\/posts\/121776","targetHints":{"allow":["GET"]}}],"collection":[{"href":"https:\/\/www.europesays.com\/se\/wp-json\/wp\/v2\/posts"}],"about":[{"href":"https:\/\/www.europesays.com\/se\/wp-json\/wp\/v2\/types\/post"}],"author":[{"embeddable":true,"href":"https:\/\/www.europesays.com\/se\/wp-json\/wp\/v2\/users\/2"}],"replies":[{"embeddable":true,"href":"https:\/\/www.europesays.com\/se\/wp-json\/wp\/v2\/comments?post=121776"}],"version-history":[{"count":0,"href":"https:\/\/www.europesays.com\/se\/wp-json\/wp\/v2\/posts\/121776\/revisions"}],"wp:featuredmedia":[{"embeddable":true,"href":"https:\/\/www.europesays.com\/se\/wp-json\/wp\/v2\/media\/121777"}],"wp:attachment":[{"href":"https:\/\/www.europesays.com\/se\/wp-json\/wp\/v2\/media?parent=121776"}],"wp:term":[{"taxonomy":"category","embeddable":true,"href":"https:\/\/www.europesays.com\/se\/wp-json\/wp\/v2\/categories?post=121776"},{"taxonomy":"post_tag","embeddable":true,"href":"https:\/\/www.europesays.com\/se\/wp-json\/wp\/v2\/tags?post=121776"}],"curies":[{"name":"wp","href":"https:\/\/api.w.org\/{rel}","templated":true}]}}