{"id":121780,"date":"2025-12-31T14:17:16","date_gmt":"2025-12-31T14:17:16","guid":{"rendered":"https:\/\/www.europesays.com\/se\/121780\/"},"modified":"2025-12-31T14:17:16","modified_gmt":"2025-12-31T14:17:16","slug":"global-connect-overvakar-natet-i-uppsala-centrum","status":"publish","type":"post","link":"https:\/\/www.europesays.com\/se\/121780\/","title":{"rendered":"Global Connect \u00f6vervakar n\u00e4tet i Uppsala centrum"},"content":{"rendered":"<p>Skylten som f\u00f6rbjuder filmning och fotografering (om man inte har tillst\u00e5nd vilket UNT har) lyser gul och r\u00f6d. Passerkortet \u00f6ppnar magiskt d\u00f6rrarna in till kontorets hj\u00e4rta d\u00e4r ett 20-tal operat\u00f6rer \u00f6vervakar f\u00f6retagets n\u00e4tkabelsystem. Och systemet \u00e4r inte litet. N\u00e4ra 250\u00a0000 kilometer kabel har man dragit i Sverige, Norge, Danmark, norra Tyskland och Finland.\u2013 Vi har<\/p>\n","protected":false},"excerpt":{"rendered":"Skylten som f\u00f6rbjuder filmning och fotografering (om man inte har tillst\u00e5nd vilket UNT har) lyser gul och r\u00f6d.&hellip;\n","protected":false},"author":2,"featured_media":121781,"comment_status":"","ping_status":"","sticky":false,"template":"","format":"standard","meta":{"footnotes":""},"categories":[12],"tags":[22,23,26,27,17,21,24,25,28,29,15,16,18,34,31,33,32,30,19,20],"class_list":{"0":"post-121780","1":"post","2":"type-post","3":"status-publish","4":"format-standard","5":"has-post-thumbnail","7":"category-sverige","8":"tag-breaking-news","9":"tag-breakingnews","10":"tag-featured-news","11":"tag-featurednews","12":"tag-headlines","13":"tag-huvudnyheter","14":"tag-latest-news","15":"tag-latestnews","16":"tag-main-news","17":"tag-mainnews","18":"tag-news","19":"tag-nyheter","20":"tag-rubriker","21":"tag-se","22":"tag-svenska","23":"tag-sverige","24":"tag-sweden","25":"tag-swedish","26":"tag-top-stories","27":"tag-topstories"},"share_on_mastodon":{"url":"https:\/\/pubeurope.com\/@se\/115814612598518795","error":""},"_links":{"self":[{"href":"https:\/\/www.europesays.com\/se\/wp-json\/wp\/v2\/posts\/121780","targetHints":{"allow":["GET"]}}],"collection":[{"href":"https:\/\/www.europesays.com\/se\/wp-json\/wp\/v2\/posts"}],"about":[{"href":"https:\/\/www.europesays.com\/se\/wp-json\/wp\/v2\/types\/post"}],"author":[{"embeddable":true,"href":"https:\/\/www.europesays.com\/se\/wp-json\/wp\/v2\/users\/2"}],"replies":[{"embeddable":true,"href":"https:\/\/www.europesays.com\/se\/wp-json\/wp\/v2\/comments?post=121780"}],"version-history":[{"count":0,"href":"https:\/\/www.europesays.com\/se\/wp-json\/wp\/v2\/posts\/121780\/revisions"}],"wp:featuredmedia":[{"embeddable":true,"href":"https:\/\/www.europesays.com\/se\/wp-json\/wp\/v2\/media\/121781"}],"wp:attachment":[{"href":"https:\/\/www.europesays.com\/se\/wp-json\/wp\/v2\/media?parent=121780"}],"wp:term":[{"taxonomy":"category","embeddable":true,"href":"https:\/\/www.europesays.com\/se\/wp-json\/wp\/v2\/categories?post=121780"},{"taxonomy":"post_tag","embeddable":true,"href":"https:\/\/www.europesays.com\/se\/wp-json\/wp\/v2\/tags?post=121780"}],"curies":[{"name":"wp","href":"https:\/\/api.w.org\/{rel}","templated":true}]}}