{"id":121786,"date":"2025-12-31T14:27:08","date_gmt":"2025-12-31T14:27:08","guid":{"rendered":"https:\/\/www.europesays.com\/se\/121786\/"},"modified":"2025-12-31T14:27:08","modified_gmt":"2025-12-31T14:27:08","slug":"justitieministern-ska-kraftsamla-mot-kvinnovaldet","status":"publish","type":"post","link":"https:\/\/www.europesays.com\/se\/121786\/","title":{"rendered":"Justitieministern: Ska kraftsamla mot kvinnov\u00e5ldet"},"content":{"rendered":"<p>Justitieministern menar att det var viktigt att bes\u00f6ka platsen och tr\u00e4ffa de boende, polisen och civilsamh\u00e4llet f\u00f6r att \u201dta med sig erfarenheterna fr\u00e5n dem som arbetat med fallet\u201d.<\/p>\n<p>\u2013 Det var viktigt att bes\u00f6ka minnesplatsen och visa v\u00e5r respekt och uttrycka medk\u00e4nsla f\u00f6r det bottenl\u00f6sa m\u00f6rker som har drabbat en familj, anh\u00f6riga och v\u00e4nner. En ung kvinna har bragts om livet p\u00e5 ett mycket brutalt s\u00e4tt, s\u00e4ger han.<\/p>\n<p><strong>Fr\u00e5n m\u00f6tet med<\/strong> boende i omr\u00e5det tar han med sig budskapet att \u201dg\u00f6ra n\u00e5got \u00e5t det, f\u00f6r det ska inte vara livsfarligt att vara kvinna i Sverige, oavsett om man r\u00f6r sig ute eller i sitt eget hem\u201d.<\/p>\n<p>\u2013 Vi beh\u00f6ver g\u00f6ra en l\u00e5ng rad med saker, konstaterar han.<\/p>\n<p>Mycket handlar om gr\u00e4nssnittet mellan v\u00e5rd, r\u00e4ttsv\u00e4sende och psykiatri. Tanken \u00e4r att man ska kraftsamla p\u00e5 samma s\u00e4tt som man gjort mot g\u00e4ngkriminaliteten, enligt Str\u00f6mmer.<\/p>\n<p>En 26-\u00e5ring, som tidigare har d\u00f6mts f\u00f6r kidnappningsf\u00f6rs\u00f6k p\u00e5 en 10-\u00e5rig flicka, \u00e4r h\u00e4ktad p\u00e5 sannolika sk\u00e4l misst\u00e4nkt f\u00f6r mord och grovt gravfridsbrott.<\/p>\n<p>De senaste \u00e5ren har 26-\u00e5ringen bytt namn flera g\u00e5nger, har numera ett kvinnonamn och identifierar sig som kvinna. Juridiskt \u00e4r 26-\u00e5ringen fortfarande en man.<\/p>\n<p>Oavsett namnbyte kommer r\u00e4ttv\u00e4sendet att hantera den misst\u00e4nkte som en man, understryker Gunnar Str\u00f6mmer.<\/p>\n<p>\u2013 \u00c4ven om personen har bytt namn s\u00e5 \u00e4r det en man, s\u00e4ger han.<\/p>\n<p>Reglerna som gjorde det enklare med namnbyten \u00e4ndrades f\u00f6r n\u00e4rmare tio \u00e5r sedan.<\/p>\n<p>\u2013 De kom till f\u00f6r att g\u00f6ra det enkelt f\u00f6r vanliga och hederliga medborgare att byta namn, naturligtvis inte f\u00f6r att skapa luckor f\u00f6r kriminella p\u00e5 olika s\u00e4tt, s\u00e4ger Gunnar Str\u00f6mmer.<\/p>\n<p><strong>Enligt justitieministern har man redan<\/strong> vidtagit \u00e5tg\u00e4rder f\u00f6r att f\u00f6rhindra \u00e5terfallsbrottslighet. Det handlar bland annat om att ta bort sekretesshinder mellan myndigheter, och fr\u00e5n f\u00f6rsta januari, strafftidsf\u00f6rkortningen f\u00f6r farliga personer med h\u00f6g risk f\u00f6r \u00e5terfall i brott.<\/p>\n<p>          <img decoding=\"async\" class=\"picture__img\" src=\"https:\/\/www.europesays.com\/se\/wp-content\/uploads\/2025\/12\/6cb19b42-00da-4a98-895b-0e25de4fc5aa.jpeg\"   alt=\"Justitieminister Gunnar Str\u00f6mmer (M) och finansminister Elisabeth Svantesson (M).\"\/><\/p>\n<p>      Justitieminister Gunnar Str\u00f6mmer (M) och finansminister Elisabeth Svantesson (M).<\/p>\n<p>      Foto: beatrice lundborg<\/p>\n<p>Under v\u00e5ren tr\u00e4der ocks\u00e5 ny lagstiftning i kraft som \u201dkommer att t\u00e4ppa till ett glapp mellan r\u00e4ttspsykiatrin och kriminalv\u00e5rden\u201d, den s\u00e5 kallade s\u00e4kerhetsf\u00f6rvaringen.<\/p>\n<p>\u2013 Riktigt farliga personer som pedofiler, sexf\u00f6rbrytare och de som beg\u00e5r grova v\u00e5ldsbrott ska kunna l\u00e5sas in p\u00e5 obest\u00e4md tid, s\u00e4ger han.<\/p>\n<p><strong>Under tisdagen meddelade regeringen<\/strong> att man kommer ta initiativ f\u00f6r att utforma en nollvision mot m\u00e4ns v\u00e5ld mot kvinnor samt inr\u00e4tta ett s\u00e4rskilt ministerr\u00e5d.<\/p>\n<p>Statsminister Ulf Kristersson (M) kommer leda r\u00e5det tillsammans med justitieministern, j\u00e4mst\u00e4lldhetsministern, socialministern och socialtj\u00e4nstministern.<\/p>\n","protected":false},"excerpt":{"rendered":"Justitieministern menar att det var viktigt att bes\u00f6ka platsen och tr\u00e4ffa de boende, polisen och civilsamh\u00e4llet f\u00f6r att&hellip;\n","protected":false},"author":2,"featured_media":121787,"comment_status":"","ping_status":"","sticky":false,"template":"","format":"standard","meta":{"footnotes":""},"categories":[12],"tags":[22,23,26,27,17,21,24,25,28,29,15,16,18,34,31,33,32,30,19,20],"class_list":{"0":"post-121786","1":"post","2":"type-post","3":"status-publish","4":"format-standard","5":"has-post-thumbnail","7":"category-sverige","8":"tag-breaking-news","9":"tag-breakingnews","10":"tag-featured-news","11":"tag-featurednews","12":"tag-headlines","13":"tag-huvudnyheter","14":"tag-latest-news","15":"tag-latestnews","16":"tag-main-news","17":"tag-mainnews","18":"tag-news","19":"tag-nyheter","20":"tag-rubriker","21":"tag-se","22":"tag-svenska","23":"tag-sverige","24":"tag-sweden","25":"tag-swedish","26":"tag-top-stories","27":"tag-topstories"},"share_on_mastodon":{"url":"https:\/\/pubeurope.com\/@se\/115814651913775315","error":""},"_links":{"self":[{"href":"https:\/\/www.europesays.com\/se\/wp-json\/wp\/v2\/posts\/121786","targetHints":{"allow":["GET"]}}],"collection":[{"href":"https:\/\/www.europesays.com\/se\/wp-json\/wp\/v2\/posts"}],"about":[{"href":"https:\/\/www.europesays.com\/se\/wp-json\/wp\/v2\/types\/post"}],"author":[{"embeddable":true,"href":"https:\/\/www.europesays.com\/se\/wp-json\/wp\/v2\/users\/2"}],"replies":[{"embeddable":true,"href":"https:\/\/www.europesays.com\/se\/wp-json\/wp\/v2\/comments?post=121786"}],"version-history":[{"count":0,"href":"https:\/\/www.europesays.com\/se\/wp-json\/wp\/v2\/posts\/121786\/revisions"}],"wp:featuredmedia":[{"embeddable":true,"href":"https:\/\/www.europesays.com\/se\/wp-json\/wp\/v2\/media\/121787"}],"wp:attachment":[{"href":"https:\/\/www.europesays.com\/se\/wp-json\/wp\/v2\/media?parent=121786"}],"wp:term":[{"taxonomy":"category","embeddable":true,"href":"https:\/\/www.europesays.com\/se\/wp-json\/wp\/v2\/categories?post=121786"},{"taxonomy":"post_tag","embeddable":true,"href":"https:\/\/www.europesays.com\/se\/wp-json\/wp\/v2\/tags?post=121786"}],"curies":[{"name":"wp","href":"https:\/\/api.w.org\/{rel}","templated":true}]}}