{"id":121793,"date":"2025-12-31T14:39:09","date_gmt":"2025-12-31T14:39:09","guid":{"rendered":"https:\/\/www.europesays.com\/se\/121793\/"},"modified":"2025-12-31T14:39:09","modified_gmt":"2025-12-31T14:39:09","slug":"genombrotten-publikfesterna-dramatiken-sa-var-nojesaret-2025-kristianstadsbladet","status":"publish","type":"post","link":"https:\/\/www.europesays.com\/se\/121793\/","title":{"rendered":"Genombrotten, publikfesterna, dramatiken \u2013 s\u00e5 var n\u00f6jes\u00e5ret 2025 \u2013 Kristianstadsbladet"},"content":{"rendered":"<p>Ella Tiritiello n\u00e5dde inte Mellofinalen. Men n\u00e4stan.<\/p>\n<p>Joddla med Siv spelade f\u00f6r monsterpublik p\u00e5 Sweden Rock.\u00a0<\/p>\n<p>Indiedrottningen Jenny Wilson tonsatte en opera.\u00a0<\/p>\n<p>Nordens st\u00f6rsta dansband \u2013 Lasse Stefanz \u2013 tvingades till paus efter att kapellm\u00e4stare Christer Ericsson drabbats av ett hj\u00e4rtstopp.<\/p>\n<p>Kb\/NSk listar n\u00e5gra av de mest uppm\u00e4rksammade h\u00e4ndelserna under n\u00f6jes\u00e5ret 2025.<\/p>\n<p><img loading=\"lazy\" decoding=\"async\" width=\"980\" height=\"551\" class=\"article-image article-image--featured\" alt=\"2025 blev Ella Tiritiellos genombrotts\u00e5r \u2013 med Mello, Rix FM-turn\u00e9 och priset som NRJ:s svenska debutant.\" src=\"https:\/\/www.europesays.com\/se\/wp-content\/uploads\/2025\/12\/5200a9c4-b92b-410b-b14b-d9cfab715613.jpeg\"  \/><a class=\"article__lightbox-link\" href=\"https:\/\/static.bonniernews.se\/ba\/5200a9c4-b92b-410b-b14b-d9cfab715613.jpeg?crop=4749%2C2672%2Cx0%2Cy24&amp;width=1400&amp;format=pjpg&amp;auto=avif\" data-pswp-width=\"1400\" data-pswp-height=\"788\" data-pswp-caption=\"2025 blev Ella Tiritiellos genombrotts\u00e5r \u2013 med Mello, Rix FM-turn\u00e9 och priset som NRJ:s svenska debutant. Bild: Mikael Persson\" data-pswp- rel=\"nofollow noopener\" target=\"_blank\">\u00d6ppna bild i helsk\u00e4rmsl\u00e4ge<\/a><\/p>\n<p class=\"txt-style-muted\" aria-hidden=\"true\">2025 blev Ella Tiritiellos genombrotts\u00e5r \u2013 med Mello, Rix FM-turn\u00e9 och priset som NRJ:s svenska debutant.<\/p>\n<p class=\"article__figcaption-attribution txt-style-muted\">Bild: Mikael Persson<\/p>\n","protected":false},"excerpt":{"rendered":"Ella Tiritiello n\u00e5dde inte Mellofinalen. Men n\u00e4stan. Joddla med Siv spelade f\u00f6r monsterpublik p\u00e5 Sweden Rock.\u00a0 Indiedrottningen Jenny&hellip;\n","protected":false},"author":2,"featured_media":121794,"comment_status":"","ping_status":"","sticky":false,"template":"","format":"standard","meta":{"footnotes":""},"categories":[67],"tags":[104,34,31,33,32,30,105],"class_list":{"0":"post-121793","1":"post","2":"type-post","3":"status-publish","4":"format-standard","5":"has-post-thumbnail","7":"category-underhallning","8":"tag-entertainment","9":"tag-se","10":"tag-svenska","11":"tag-sverige","12":"tag-sweden","13":"tag-swedish","14":"tag-underhallning"},"share_on_mastodon":{"url":"https:\/\/pubeurope.com\/@se\/115814699021293459","error":""},"_links":{"self":[{"href":"https:\/\/www.europesays.com\/se\/wp-json\/wp\/v2\/posts\/121793","targetHints":{"allow":["GET"]}}],"collection":[{"href":"https:\/\/www.europesays.com\/se\/wp-json\/wp\/v2\/posts"}],"about":[{"href":"https:\/\/www.europesays.com\/se\/wp-json\/wp\/v2\/types\/post"}],"author":[{"embeddable":true,"href":"https:\/\/www.europesays.com\/se\/wp-json\/wp\/v2\/users\/2"}],"replies":[{"embeddable":true,"href":"https:\/\/www.europesays.com\/se\/wp-json\/wp\/v2\/comments?post=121793"}],"version-history":[{"count":0,"href":"https:\/\/www.europesays.com\/se\/wp-json\/wp\/v2\/posts\/121793\/revisions"}],"wp:featuredmedia":[{"embeddable":true,"href":"https:\/\/www.europesays.com\/se\/wp-json\/wp\/v2\/media\/121794"}],"wp:attachment":[{"href":"https:\/\/www.europesays.com\/se\/wp-json\/wp\/v2\/media?parent=121793"}],"wp:term":[{"taxonomy":"category","embeddable":true,"href":"https:\/\/www.europesays.com\/se\/wp-json\/wp\/v2\/categories?post=121793"},{"taxonomy":"post_tag","embeddable":true,"href":"https:\/\/www.europesays.com\/se\/wp-json\/wp\/v2\/tags?post=121793"}],"curies":[{"name":"wp","href":"https:\/\/api.w.org\/{rel}","templated":true}]}}