{"id":121797,"date":"2025-12-31T14:44:09","date_gmt":"2025-12-31T14:44:09","guid":{"rendered":"https:\/\/www.europesays.com\/se\/121797\/"},"modified":"2025-12-31T14:44:09","modified_gmt":"2025-12-31T14:44:09","slug":"kabelbrott-i-finska-viken-skepp-i-beslag","status":"publish","type":"post","link":"https:\/\/www.europesays.com\/se\/121797\/","title":{"rendered":"Kabelbrott i Finska viken \u2013 skepp i beslag"},"content":{"rendered":"<p>Skadan p\u00e5 den finska kabeln uppt\u00e4cktes tidigt under ny\u00e5rsaftons morgon i Estlands ekonomiska zon, skriver finska polisen <a href=\"https:\/\/poliisi.fi\/en\/-\/police-investigate-cable-damage-in-the-gulf-of-finland-in-cooperation-with-other-authorities\" target=\"_blank\" rel=\"noopener noreferrer nofollow\">i ett uttalande.<\/a> Skeppet som misst\u00e4nks ligga bakom kabelbrottet uppt\u00e4cktes av gr\u00e4nsbevakningsfartyget Turva, samt en helikopter. <\/p>\n<p>Enligt Finlands gr\u00e4nsbevakning har det skepp som tros ligga bakom kabelbrottet identifierats. Fartyget hade kedjan till ankaret i vattnet och har tagits i beslag.<\/p>\n","protected":false},"excerpt":{"rendered":"Skadan p\u00e5 den finska kabeln uppt\u00e4cktes tidigt under ny\u00e5rsaftons morgon i Estlands ekonomiska zon, skriver finska polisen i&hellip;\n","protected":false},"author":2,"featured_media":121798,"comment_status":"","ping_status":"","sticky":false,"template":"","format":"standard","meta":{"footnotes":""},"categories":[5],"tags":[22,23,26,27,17,21,24,25,28,29,15,16,18,34,31,33,32,30,19,20],"class_list":{"0":"post-121797","1":"post","2":"type-post","3":"status-publish","4":"format-standard","5":"has-post-thumbnail","7":"category-rubriker","8":"tag-breaking-news","9":"tag-breakingnews","10":"tag-featured-news","11":"tag-featurednews","12":"tag-headlines","13":"tag-huvudnyheter","14":"tag-latest-news","15":"tag-latestnews","16":"tag-main-news","17":"tag-mainnews","18":"tag-news","19":"tag-nyheter","20":"tag-rubriker","21":"tag-se","22":"tag-svenska","23":"tag-sverige","24":"tag-sweden","25":"tag-swedish","26":"tag-top-stories","27":"tag-topstories"},"share_on_mastodon":{"url":"https:\/\/pubeurope.com\/@se\/115814718640972047","error":""},"_links":{"self":[{"href":"https:\/\/www.europesays.com\/se\/wp-json\/wp\/v2\/posts\/121797","targetHints":{"allow":["GET"]}}],"collection":[{"href":"https:\/\/www.europesays.com\/se\/wp-json\/wp\/v2\/posts"}],"about":[{"href":"https:\/\/www.europesays.com\/se\/wp-json\/wp\/v2\/types\/post"}],"author":[{"embeddable":true,"href":"https:\/\/www.europesays.com\/se\/wp-json\/wp\/v2\/users\/2"}],"replies":[{"embeddable":true,"href":"https:\/\/www.europesays.com\/se\/wp-json\/wp\/v2\/comments?post=121797"}],"version-history":[{"count":0,"href":"https:\/\/www.europesays.com\/se\/wp-json\/wp\/v2\/posts\/121797\/revisions"}],"wp:featuredmedia":[{"embeddable":true,"href":"https:\/\/www.europesays.com\/se\/wp-json\/wp\/v2\/media\/121798"}],"wp:attachment":[{"href":"https:\/\/www.europesays.com\/se\/wp-json\/wp\/v2\/media?parent=121797"}],"wp:term":[{"taxonomy":"category","embeddable":true,"href":"https:\/\/www.europesays.com\/se\/wp-json\/wp\/v2\/categories?post=121797"},{"taxonomy":"post_tag","embeddable":true,"href":"https:\/\/www.europesays.com\/se\/wp-json\/wp\/v2\/tags?post=121797"}],"curies":[{"name":"wp","href":"https:\/\/api.w.org\/{rel}","templated":true}]}}