{"id":121800,"date":"2025-12-31T14:47:21","date_gmt":"2025-12-31T14:47:21","guid":{"rendered":"https:\/\/www.europesays.com\/se\/121800\/"},"modified":"2025-12-31T14:47:21","modified_gmt":"2025-12-31T14:47:21","slug":"kampen-for-att-halla-falu-gruva-vid-liv-sista-chefen-om-slutet-och-hopp-om-ny-malm-falu-kuriren","status":"publish","type":"post","link":"https:\/\/www.europesays.com\/se\/121800\/","title":{"rendered":"Kampen f\u00f6r att h\u00e5lla Falu gruva vid liv \u2013 sista chefen om slutet och hopp om ny malm \u2013 Falu-Kuriren"},"content":{"rendered":"<p>Om Falu-Kuriren<\/p>\n<p class=\"site-footer__about-text txt-ui txt-ui-2\">Falukuriren.se \u00e4r Falu-Kurirens nyhetssajt. Vi bevakar Falu kommun, Leksands kommun, R\u00e4ttviks kommun, Gagnefs kommun, Vansbro kommun och Malung-S\u00e4lens kommun samt h\u00e5ller koll p\u00e5 de st\u00f6rsta nyhetsh\u00e4ndelserna i Dalarna, dygnet runt. Vi finns som sajt, app, i nyhetsbrev och sociala medier. Vi granskar, ber\u00f6r, underh\u00e5ller och avsl\u00f6jar or\u00e4ttvisor f\u00f6r l\u00e4sarna.<\/p>\n","protected":false},"excerpt":{"rendered":"Om Falu-Kuriren Falukuriren.se \u00e4r Falu-Kurirens nyhetssajt. Vi bevakar Falu kommun, Leksands kommun, R\u00e4ttviks kommun, Gagnefs kommun, Vansbro kommun&hellip;\n","protected":false},"author":2,"featured_media":121801,"comment_status":"","ping_status":"","sticky":false,"template":"","format":"standard","meta":{"footnotes":""},"categories":[67],"tags":[104,34,31,33,32,30,105],"class_list":{"0":"post-121800","1":"post","2":"type-post","3":"status-publish","4":"format-standard","5":"has-post-thumbnail","7":"category-underhallning","8":"tag-entertainment","9":"tag-se","10":"tag-svenska","11":"tag-sverige","12":"tag-sweden","13":"tag-swedish","14":"tag-underhallning"},"share_on_mastodon":{"url":"https:\/\/pubeurope.com\/@se\/115814730451714121","error":""},"_links":{"self":[{"href":"https:\/\/www.europesays.com\/se\/wp-json\/wp\/v2\/posts\/121800","targetHints":{"allow":["GET"]}}],"collection":[{"href":"https:\/\/www.europesays.com\/se\/wp-json\/wp\/v2\/posts"}],"about":[{"href":"https:\/\/www.europesays.com\/se\/wp-json\/wp\/v2\/types\/post"}],"author":[{"embeddable":true,"href":"https:\/\/www.europesays.com\/se\/wp-json\/wp\/v2\/users\/2"}],"replies":[{"embeddable":true,"href":"https:\/\/www.europesays.com\/se\/wp-json\/wp\/v2\/comments?post=121800"}],"version-history":[{"count":0,"href":"https:\/\/www.europesays.com\/se\/wp-json\/wp\/v2\/posts\/121800\/revisions"}],"wp:featuredmedia":[{"embeddable":true,"href":"https:\/\/www.europesays.com\/se\/wp-json\/wp\/v2\/media\/121801"}],"wp:attachment":[{"href":"https:\/\/www.europesays.com\/se\/wp-json\/wp\/v2\/media?parent=121800"}],"wp:term":[{"taxonomy":"category","embeddable":true,"href":"https:\/\/www.europesays.com\/se\/wp-json\/wp\/v2\/categories?post=121800"},{"taxonomy":"post_tag","embeddable":true,"href":"https:\/\/www.europesays.com\/se\/wp-json\/wp\/v2\/tags?post=121800"}],"curies":[{"name":"wp","href":"https:\/\/api.w.org\/{rel}","templated":true}]}}