{"id":121802,"date":"2025-12-31T14:49:22","date_gmt":"2025-12-31T14:49:22","guid":{"rendered":"https:\/\/www.europesays.com\/se\/121802\/"},"modified":"2025-12-31T14:49:22","modified_gmt":"2025-12-31T14:49:22","slug":"kedjehus-pa-120-kvadratmeter-salt-i-ljungsbro-priset-3-300-000-kronor","status":"publish","type":"post","link":"https:\/\/www.europesays.com\/se\/121802\/","title":{"rendered":"Kedjehus p\u00e5 120 kvadratmeter s\u00e5lt i Ljungsbro \u2013 priset: 3\u00a0300\u00a0000 kronor"},"content":{"rendered":"<p> K\u00f6pesumman blev 3\u00a0300\u00a0000 kronor och de nya \u00e4garna tog \u00f6ver huset i december 2025. Huset \u00e4r 120 kvadratmeter stort och byggdes 1986.Bara n\u00e5gra hundra meter bort s\u00e5ldes f\u00f6r bara tv\u00e5 m\u00e5nader sedan ett annat kedjehus, p\u00e5 H\u00f6gbygatan 75. D\u00e4r blev priset f\u00f6r ett n\u00e5got st\u00f6rre hus, 125 kvadratmeter, 3\u00a0050\u00a0000 kronor.Det h\u00e4r \u00e4r tredje g\u00e5ngen fastigheten s\u00e5lts p\u00e5 15 \u00e5r. Den f\u00f6<\/p>\n","protected":false},"excerpt":{"rendered":"K\u00f6pesumman blev 3\u00a0300\u00a0000 kronor och de nya \u00e4garna tog \u00f6ver huset i december 2025. Huset \u00e4r 120 kvadratmeter&hellip;\n","protected":false},"author":2,"featured_media":121803,"comment_status":"","ping_status":"","sticky":false,"template":"","format":"standard","meta":{"footnotes":""},"categories":[65],"tags":[72,70,71,34,31,33,32,30],"class_list":{"0":"post-121802","1":"post","2":"type-post","3":"status-publish","4":"format-standard","5":"has-post-thumbnail","7":"category-ekonomi","8":"tag-business","9":"tag-economy","10":"tag-ekonomi","11":"tag-se","12":"tag-svenska","13":"tag-sverige","14":"tag-sweden","15":"tag-swedish"},"share_on_mastodon":{"url":"https:\/\/pubeurope.com\/@se\/115814738307555922","error":""},"_links":{"self":[{"href":"https:\/\/www.europesays.com\/se\/wp-json\/wp\/v2\/posts\/121802","targetHints":{"allow":["GET"]}}],"collection":[{"href":"https:\/\/www.europesays.com\/se\/wp-json\/wp\/v2\/posts"}],"about":[{"href":"https:\/\/www.europesays.com\/se\/wp-json\/wp\/v2\/types\/post"}],"author":[{"embeddable":true,"href":"https:\/\/www.europesays.com\/se\/wp-json\/wp\/v2\/users\/2"}],"replies":[{"embeddable":true,"href":"https:\/\/www.europesays.com\/se\/wp-json\/wp\/v2\/comments?post=121802"}],"version-history":[{"count":0,"href":"https:\/\/www.europesays.com\/se\/wp-json\/wp\/v2\/posts\/121802\/revisions"}],"wp:featuredmedia":[{"embeddable":true,"href":"https:\/\/www.europesays.com\/se\/wp-json\/wp\/v2\/media\/121803"}],"wp:attachment":[{"href":"https:\/\/www.europesays.com\/se\/wp-json\/wp\/v2\/media?parent=121802"}],"wp:term":[{"taxonomy":"category","embeddable":true,"href":"https:\/\/www.europesays.com\/se\/wp-json\/wp\/v2\/categories?post=121802"},{"taxonomy":"post_tag","embeddable":true,"href":"https:\/\/www.europesays.com\/se\/wp-json\/wp\/v2\/tags?post=121802"}],"curies":[{"name":"wp","href":"https:\/\/api.w.org\/{rel}","templated":true}]}}