{"id":121804,"date":"2025-12-31T14:52:07","date_gmt":"2025-12-31T14:52:07","guid":{"rendered":"https:\/\/www.europesays.com\/se\/121804\/"},"modified":"2025-12-31T14:52:07","modified_gmt":"2025-12-31T14:52:07","slug":"guvernorskontor-i-fasa-har-attackerats","status":"publish","type":"post","link":"https:\/\/www.europesays.com\/se\/121804\/","title":{"rendered":"Guvern\u00f6rskontor i Fasa har attackerats"},"content":{"rendered":"<p>Ett myndighetskontor i s\u00f6dra Iran har attackerats av flera personer, rapporterar AFP med h\u00e4nvisning till den iranska nyhetsbyr\u00e5n Mizan. <\/p>\n<p>Fastigheten, som h\u00f6r till guvern\u00f6ren i provinsen Fasa, ska ha \u00e5samkats skador. Det framg\u00e5r inte hur omfattande skadorna \u00e4r eller hur m\u00e5nga som ska ha deltagit i den p\u00e5st\u00e5dda attacken. <\/p>\n<p>I veckan utbr\u00f6t protester mot landets ekonomiska problem i huvudstaden Teheran. Missn\u00f6jet har sedan spridit sig till flera universitet. <\/p>\n<p>Omni \u00e4r politiskt obundna och oberoende. Vi str\u00e4var efter att ge fler perspektiv p\u00e5 nyheterna. Har du fr\u00e5gor eller synpunkter kring v\u00e5r rapportering? <a href=\"https:\/\/omni.se\/iran-guvernorskontor-i-fasa-har-attackerats\/a\/mailto:redaktion@omni.se\" class=\"ArticleActions_contactLink__W2F1M\" rel=\"nofollow noopener\" target=\"_blank\">Kontakta redaktionen<\/a><\/p>\n","protected":false},"excerpt":{"rendered":"Ett myndighetskontor i s\u00f6dra Iran har attackerats av flera personer, rapporterar AFP med h\u00e4nvisning till den iranska nyhetsbyr\u00e5n&hellip;\n","protected":false},"author":2,"featured_media":121805,"comment_status":"","ping_status":"","sticky":false,"template":"","format":"standard","meta":{"footnotes":""},"categories":[5],"tags":[22,23,26,27,17,21,1530,12895,24,25,28,29,124,15,16,18,34,31,33,32,30,19,20],"class_list":{"0":"post-121804","1":"post","2":"type-post","3":"status-publish","4":"format-standard","5":"has-post-thumbnail","7":"category-rubriker","8":"tag-breaking-news","9":"tag-breakingnews","10":"tag-featured-news","11":"tag-featurednews","12":"tag-headlines","13":"tag-huvudnyheter","14":"tag-iran","15":"tag-iransk-politik","16":"tag-latest-news","17":"tag-latestnews","18":"tag-main-news","19":"tag-mainnews","20":"tag-mellanostern","21":"tag-news","22":"tag-nyheter","23":"tag-rubriker","24":"tag-se","25":"tag-svenska","26":"tag-sverige","27":"tag-sweden","28":"tag-swedish","29":"tag-top-stories","30":"tag-topstories"},"share_on_mastodon":{"url":"https:\/\/pubeurope.com\/@se\/115814750146413273","error":""},"_links":{"self":[{"href":"https:\/\/www.europesays.com\/se\/wp-json\/wp\/v2\/posts\/121804","targetHints":{"allow":["GET"]}}],"collection":[{"href":"https:\/\/www.europesays.com\/se\/wp-json\/wp\/v2\/posts"}],"about":[{"href":"https:\/\/www.europesays.com\/se\/wp-json\/wp\/v2\/types\/post"}],"author":[{"embeddable":true,"href":"https:\/\/www.europesays.com\/se\/wp-json\/wp\/v2\/users\/2"}],"replies":[{"embeddable":true,"href":"https:\/\/www.europesays.com\/se\/wp-json\/wp\/v2\/comments?post=121804"}],"version-history":[{"count":0,"href":"https:\/\/www.europesays.com\/se\/wp-json\/wp\/v2\/posts\/121804\/revisions"}],"wp:featuredmedia":[{"embeddable":true,"href":"https:\/\/www.europesays.com\/se\/wp-json\/wp\/v2\/media\/121805"}],"wp:attachment":[{"href":"https:\/\/www.europesays.com\/se\/wp-json\/wp\/v2\/media?parent=121804"}],"wp:term":[{"taxonomy":"category","embeddable":true,"href":"https:\/\/www.europesays.com\/se\/wp-json\/wp\/v2\/categories?post=121804"},{"taxonomy":"post_tag","embeddable":true,"href":"https:\/\/www.europesays.com\/se\/wp-json\/wp\/v2\/tags?post=121804"}],"curies":[{"name":"wp","href":"https:\/\/api.w.org\/{rel}","templated":true}]}}