{"id":121808,"date":"2025-12-31T14:55:16","date_gmt":"2025-12-31T14:55:16","guid":{"rendered":"https:\/\/www.europesays.com\/se\/121808\/"},"modified":"2025-12-31T14:55:16","modified_gmt":"2025-12-31T14:55:16","slug":"kult-magasins-mest-lasta-artiklar-2025","status":"publish","type":"post","link":"https:\/\/www.europesays.com\/se\/121808\/","title":{"rendered":"KULT Magasins mest l\u00e4sta artiklar 2025"},"content":{"rendered":"<p><strong>\u00c5r 2025 sjunger p\u00e5 sin absolut sista vers, men innan det \u00e4r \u00f6ver kommer vi h\u00e4r med \u00e4nnu en \u00e5rssammanfattning. I 365 dagar har vi skrivit och i lika m\u00e5nga dagar har ni l\u00e4st \u2013 och vissa artiklar har ni l\u00e4st lite extra mycket. Bland KULT Magasins mest l\u00e4sta artiklar 2025 \u00e5terfinns alltifr\u00e5n recensioner och boktips till intervjuer och debattartiklar. Gott nytt och god l\u00e4sning \u00f6nskar vi!<\/strong><\/p>\n<p><img loading=\"lazy\" decoding=\"async\" width=\"1024\" height=\"683\" src=\"https:\/\/www.europesays.com\/se\/wp-content\/uploads\/2025\/12\/Bolero_00478-1024x683.jpg\" alt=\"\" class=\"wp-image-45461\"  \/>Foto: S\u00f6ren Vilks<\/p>\n<p>I \u00e5r tog <strong>Sigge Eklund<\/strong> steget fr\u00e5n podd till teaterscen med den omtalade pj\u00e4sen Bolero. Trots stora ambitioner och starka sk\u00e5despelarinsatser k\u00e4nde sig dock v\u00e5r scenkonstredakt\u00f6r Svante H\u00e5kansson n\u00e5got of\u00f6rl\u00f6st av resultatet \u2013 kan det vara att upps\u00e4ttningen mer liknade ett iscensatt sommarprat \u00e4n ett familjedrama?<\/p>\n<p><img loading=\"lazy\" decoding=\"async\" width=\"1024\" height=\"646\" src=\"https:\/\/www.europesays.com\/se\/wp-content\/uploads\/2025\/12\/kent-4-bla-text-1024x646.jpg\" alt=\"\" class=\"wp-image-42967\"  \/>Foto: Albert Frykman<\/p>\n<p>F\u00f6r att bevaka en av \u00e5rets allra mest hypade konserter gjorde vi det som man absolut inte f\u00e5r \u2013 men kanske i h\u00f6gre utstr\u00e4ckning b\u00f6r \u2013 g\u00f6ra: vi skickade dit en recensent som aldrig lyssnat p\u00e5 bandet. <\/p>\n<p><img loading=\"lazy\" decoding=\"async\" width=\"1024\" height=\"613\" src=\"https:\/\/www.europesays.com\/se\/wp-content\/uploads\/2025\/12\/DED2E3FE-0865-4C51-8763-6439E630E5B3-1024x613.png\" alt=\"\" class=\"wp-image-43937\"  \/>Illustration: Nicki Mirani<\/p>\n<p>I somras st\u00e4llde v\u00e5r litteraturredakt\u00f6r Love Frisell den enda relevanta fr\u00e5gan f\u00f6r en \u00e5rstid d\u00e5 dagarna brer ut sig och bokh\u00f6gen v\u00e4xer: vilken \u00e4r den hetaste sommarl\u00e4sningen? 20 kulturprofiler gav oss sina b\u00e4sta tips. Spoiler: de funkar lika bra f\u00f6r het vinterl\u00e4sning.<\/p>\n<p><img loading=\"lazy\" decoding=\"async\" width=\"1024\" height=\"731\" src=\"https:\/\/www.europesays.com\/se\/wp-content\/uploads\/2025\/12\/dearevan_MB-4785-1024x731.jpg\" alt=\"\" class=\"wp-image-42277\"  \/>Foto: Mats B\u00e4cker<\/p>\n<p>Filmatiseringen av Dear Evan Hansen floppade s\u00e5 totalt att Filmstaden inte ville visa den p\u00e5 bio. N\u00e5got annat g\u00e5r att s\u00e4ga om upps\u00e4ttningen av musikalen p\u00e5 Intiman teater, som \u00e4r fylld av ton\u00e5rs\u00e5ngest, spelad av Youtube-stj\u00e4rnor och som tog v\u00e5r kritiker Christine Gandal med storm.<\/p>\n<p><img loading=\"lazy\" decoding=\"async\" width=\"1024\" height=\"576\" src=\"https:\/\/www.europesays.com\/se\/wp-content\/uploads\/2025\/12\/houseofguinness-scaled-1-1024x576.jpg\" alt=\"\" class=\"wp-image-45390\"  \/>Bild: House of Guinness \/ Netflix<\/p>\n<p>Reklamkampanj eller dramaserie? Den fr\u00e5gan st\u00e4llde sig Gabriel V. Rindborg i h\u00f6stas n\u00e4r han recenserade <strong>Steven Knight<\/strong>s (Peaky Blinders) nya Netflixserie House of Guinness. Kostymdramat \u201dklunkades som en m\u00f6rk stout\u201d v\u00e4rlden \u00f6ver, men fr\u00e5gan \u00e4r om den var v\u00e4rd uppm\u00e4rksamheten eller inte.<\/p>\n<p><img loading=\"lazy\" decoding=\"async\" width=\"1024\" height=\"683\" src=\"https:\/\/www.europesays.com\/se\/wp-content\/uploads\/2025\/12\/sabrina-carpenters-albumomslag-kritiseras-tondovt-1024x683.jpg\" alt=\"\" class=\"wp-image-43751\"  \/>Foto: Pressbild<\/p>\n<p>Ingen undgick nog ramaskriet kring <strong>Sabrina Carpenter<\/strong>s f\u00f6rsta omslag till albumet Man\u2019s Best Friend i somras. Kan det anses vara feministiskt, eller \u00e4r det bara bak\u00e5tstr\u00e4vande? Tova Hirsch gav sig in i debatten.<\/p>\n<p><img loading=\"lazy\" decoding=\"async\" width=\"1024\" height=\"619\" src=\"https:\/\/www.europesays.com\/se\/wp-content\/uploads\/2025\/12\/0vaggen-1024x619.png\" alt=\"\" class=\"wp-image-42152\"  \/>Foto: Lars Hallin<\/p>\n<p>Leo Rosengren Hallin tr\u00e4ffade Martin Romberg och \u00d6de Nerdrum tidigare i \u00e5r f\u00f6r att prata om den lika hyllade som omdebatterade norska modernismkritiska konstn\u00e4ren <strong>Odd Nerdrum<\/strong> och det nya Nerdrummuseet, som grundades i samband med konstn\u00e4rens 80-\u00e5rsdag.<\/p>\n<p><img loading=\"lazy\" decoding=\"async\" width=\"1024\" height=\"576\" src=\"https:\/\/www.europesays.com\/se\/wp-content\/uploads\/2025\/12\/3295-1024x576.jpg\" alt=\"\" class=\"wp-image-46018\"  \/>Bild: Europa Universalis V \/ Paradox Interactive<\/p>\n<p>Sverige ligger \u00e5terigen i framkant i spelv\u00e4rlden \u2013 och KULT Magasin recenserar. Gabriel V. Rindborg d\u00f6k ner i svenska Paradox Interactives nytillskott Europa Universalis V, som kom till v\u00e4rlden tolv \u00e5r efter sin f\u00f6reg\u00e5ngare. Hur v\u00e4l lyckas det efterl\u00e4ngtade \u201dgrand strategy\u201d-spelet leva upp till f\u00f6rv\u00e4ntningarna?<\/p>\n<p><img loading=\"lazy\" decoding=\"async\" width=\"1024\" height=\"628\" src=\"https:\/\/www.europesays.com\/se\/wp-content\/uploads\/2025\/12\/sommarlistan-skribenter-1024x628.jpg\" alt=\"\" class=\"wp-image-43994\"  \/>Foton: Privat\/Press<\/p>\n<p>Vi fr\u00e5gade inte bara kulturprofiler \u2013 v\u00e5r redaktion tipsade givetvis ocks\u00e5 om sina b\u00e4sta boktips i somras. Och spoiler 2.0: \u00e4ven dessa funkar finfint som vinterl\u00e4sning.<\/p>\n<p><img loading=\"lazy\" decoding=\"async\" width=\"1024\" height=\"720\" src=\"https:\/\/www.europesays.com\/se\/wp-content\/uploads\/2025\/12\/8288541c-c4d5-48ce-ac86-ad054ad28739-1024x720.jpeg\" alt=\"\" class=\"wp-image-43271\"  \/>Montage: Nicki Mirani<\/p>\n<p>\u201dSamh\u00e4llet lider av en brist p\u00e5 t\u00f6ntcoola killar.\u201d Med de orden inleder Johanna Ihse\u00a0sin k\u00e4rleksf\u00f6rklaring till <strong>Christoffer Nyqvist<\/strong> \u2013 en person som representerar 2020-talets nya manlighet och som, vare sig han \u00e4r medveten om det eller inte, g\u00e5r i br\u00e4schen f\u00f6r v\u00e5r tids dr\u00f6mkille.<\/p>\n","protected":false},"excerpt":{"rendered":"\u00c5r 2025 sjunger p\u00e5 sin absolut sista vers, men innan det \u00e4r \u00f6ver kommer vi h\u00e4r med \u00e4nnu&hellip;\n","protected":false},"author":2,"featured_media":121809,"comment_status":"","ping_status":"","sticky":false,"template":"","format":"standard","meta":{"footnotes":""},"categories":[67],"tags":[104,34,31,33,32,30,105],"class_list":{"0":"post-121808","1":"post","2":"type-post","3":"status-publish","4":"format-standard","5":"has-post-thumbnail","7":"category-underhallning","8":"tag-entertainment","9":"tag-se","10":"tag-svenska","11":"tag-sverige","12":"tag-sweden","13":"tag-swedish","14":"tag-underhallning"},"share_on_mastodon":{"url":"https:\/\/pubeurope.com\/@se\/115814762052858321","error":""},"_links":{"self":[{"href":"https:\/\/www.europesays.com\/se\/wp-json\/wp\/v2\/posts\/121808","targetHints":{"allow":["GET"]}}],"collection":[{"href":"https:\/\/www.europesays.com\/se\/wp-json\/wp\/v2\/posts"}],"about":[{"href":"https:\/\/www.europesays.com\/se\/wp-json\/wp\/v2\/types\/post"}],"author":[{"embeddable":true,"href":"https:\/\/www.europesays.com\/se\/wp-json\/wp\/v2\/users\/2"}],"replies":[{"embeddable":true,"href":"https:\/\/www.europesays.com\/se\/wp-json\/wp\/v2\/comments?post=121808"}],"version-history":[{"count":0,"href":"https:\/\/www.europesays.com\/se\/wp-json\/wp\/v2\/posts\/121808\/revisions"}],"wp:featuredmedia":[{"embeddable":true,"href":"https:\/\/www.europesays.com\/se\/wp-json\/wp\/v2\/media\/121809"}],"wp:attachment":[{"href":"https:\/\/www.europesays.com\/se\/wp-json\/wp\/v2\/media?parent=121808"}],"wp:term":[{"taxonomy":"category","embeddable":true,"href":"https:\/\/www.europesays.com\/se\/wp-json\/wp\/v2\/categories?post=121808"},{"taxonomy":"post_tag","embeddable":true,"href":"https:\/\/www.europesays.com\/se\/wp-json\/wp\/v2\/tags?post=121808"}],"curies":[{"name":"wp","href":"https:\/\/api.w.org\/{rel}","templated":true}]}}