{"id":121810,"date":"2025-12-31T14:59:07","date_gmt":"2025-12-31T14:59:07","guid":{"rendered":"https:\/\/www.europesays.com\/se\/121810\/"},"modified":"2025-12-31T14:59:07","modified_gmt":"2025-12-31T14:59:07","slug":"arskronika-om-mellanostern-det-hande-2025","status":"publish","type":"post","link":"https:\/\/www.europesays.com\/se\/121810\/","title":{"rendered":"\u00c5rskr\u00f6nika om Mellan\u00f6stern \u2013 det h\u00e4nde 2025"},"content":{"rendered":"<p class=\"sc-c25743f0-0 sc-e37c0145-2 hObFds DQgPn\">Vapenvilan mellan Israel och Hamas skulle kunna beskrivas som \u00e5rets mest hoppfulla \u00f6gonblick. Inte bara f\u00f6r Mellan\u00f6stern utan hela v\u00e4rlden. \u00c4ntligen kanske kriget &#8211; som b\u00f6rjade 2023 d\u00e5 Hamas d\u00f6dade runt 1200 israeler och tog 250 gisslan, och som ledde till att runt 70 000 Gazabor d\u00f6dats &#8211; skulle vara \u00f6ver.<\/p>\n<p class=\"sc-c25743f0-0 sc-e37c0145-2 hObFds DQgPn\">I Israel \u00e4r man l\u00e4ttade \u00f6ver att n\u00e4stan all gisslan \u00e4r hemma och personer jag talar med i Gaza \u00e4r \u00e5tminstone mindre desperata. De har f\u00e5tt in mer mat, de kan ta upp sina studier igen, och n\u00e5gra har kunnat l\u00e4mna t\u00e4ltl\u00e4gren f\u00f6r riktiga v\u00e4ggar. Men de v\u00e5gar fortfarande inte t\u00e4nka p\u00e5 framtiden. Det v\u00e5gar ingen p\u00e5 V\u00e4stbanken heller, d\u00e4r attacker och konfrontationer mellan palestinier och bos\u00e4ttare eskalerat.<\/p>\n<p class=\"sc-c25743f0-0 sc-e37c0145-2 hObFds DQgPn\">S\u00e5 vapenvilan k\u00e4nns inte l\u00e5ngsiktig, utan snarare som att man lagt locket p\u00e5 n\u00e5got som kommer att explodera om inte v\u00e4rmen dras ned. <\/p>\n<p>Ett hotande vulkanutbrott<\/p>\n<p class=\"sc-c25743f0-0 sc-e37c0145-2 hObFds DQgPn\">Samma sak g\u00e4ller eldupph\u00f6ravtalet med Iran, efter att s\u00e5v\u00e4l Israel som USA bombade Iran under sommaren. Irans milit\u00e4r svarade med intensiva robotattacker mot Israel.<\/p>\n<p class=\"sc-c25743f0-0 sc-e37c0145-2 hObFds DQgPn\">Visst, attackerna tog slut men bara nu i dagarna har Iran \u00e5terigen h\u00f6jt br\u00f6stl\u00e4get genom att s\u00e4ga att landet ligger i krig med hela Europa och USA. Och USAs president Donald Trump har sagt att de kommer bomba med st\u00f6rre styrka, utifall Iran b\u00f6rjar framst\u00e4lla k\u00e4rnvapen igen.<\/p>\n<p class=\"sc-c25743f0-0 sc-e37c0145-2 hObFds DQgPn\">Ett hotande vulkanutbrott allts\u00e5.<\/p>\n<p class=\"sc-c25743f0-0 sc-e37c0145-2 hObFds DQgPn\">Vid sidan av detta p\u00e5g\u00e5r ett blodigt inb\u00f6rdeskrig och v\u00e4rldens st\u00f6rsta humanit\u00e4ra katastrof i Sudan som inte verkar ta slut i f\u00f6rsta taget.<\/p>\n<p class=\"sc-c25743f0-0 sc-e37c0145-2 hObFds DQgPn\">Ovanst\u00e5ende kommer forts\u00e4tta pr\u00e4gla Mellan\u00f6stern in i det nya \u00e5ret.<\/p>\n<p>2026 l\u00e4r bli sn\u00e5rigt<\/p>\n<p class=\"sc-c25743f0-0 sc-e37c0145-2 hObFds DQgPn\">Men det kan vara tv\u00e5 n\u00e5got mindre bombastiska h\u00e4ndelser som f\u00e5r st\u00f6rre eller lika stor betydelse 2026.<\/p>\n<ul>\n<li>\n<p class=\"sc-c25743f0-0 sc-e37c0145-2 hObFds DQgPn\">Israels erk\u00e4nnande av Somaliland. Steget \u00e4r ytterst strategiskt. Israel f\u00e5r betydligt n\u00e4rmre till Jemen d\u00e4r huthierna forts\u00e4tter vara ett hot och dessutom en direkt m\u00f6jlighet att p\u00e5verka l\u00e4get i R\u00f6da Havet. Men det sticker i \u00f6gonen p\u00e5 inte minst Turkiet som \u00e4r n\u00e4ra allierade med Somalia.<\/p>\n<\/li>\n<li>\n<p class=\"sc-c25743f0-0 sc-e37c0145-2 hObFds DQgPn\">Situationen i Syrien. Ett \u00e5r har g\u00e5tt sedan diktatorn Bashar al Assad f\u00f6ll och p\u00e5 m\u00e5nga h\u00e5ll i landet firar folk fortfarande, men de senaste dagarna har det varit fruktansv\u00e4rda sammandrabbningar dels mellan kurdiska grupper och Damaskusstyret, samt alawiter och sunnigrupper l\u00e4ngs kusten.<\/p>\n<\/li>\n<\/ul>\n<p class=\"sc-c25743f0-0 sc-e37c0145-2 hObFds DQgPn\">Ett hotande inb\u00f6rdeskrig \u00e4r illa nog men Syrien anv\u00e4nds ofta som hela v\u00e4rldens schackbr\u00e4de. Om Ryssland vill beh\u00e5lla sin bas vid den syriska kusten och best\u00e4mmer sig f\u00f6r att st\u00f6tta Assads gamla kompisar som beh\u00e5llit sina vapen i, samtidigt som USA h\u00e5ller Damaskusstyret om ryggen \u2013 ja, d\u00e5 faller Syrien \u00e5terigen ner i ett proxykrig. Risken \u00e4r stor. Och h\u00e4nger f\u00f6rst\u00e5s ihop med Rysslands anfallskrig p\u00e5 Ukraina.<\/p>\n<p class=\"sc-c25743f0-0 sc-e37c0145-2 hObFds DQgPn\">Om vi \u00e4nd\u00e5 ska sluta med en positiv ton \u00e4r Turkiets och PKKs n\u00e4rmande av varandra positivt. \u00c4ven om deras framg\u00e5ng ocks\u00e5 h\u00e4nger en hel del p\u00e5 hur l\u00e4get i Syrien utvecklas.<\/p>\n<p class=\"sc-c25743f0-0 sc-e37c0145-2 hObFds DQgPn\">2026 l\u00e4r bli sn\u00e5rigt, m\u00e5nga oheliga relationer och otroligt m\u00e5nga \u201dvilor\u201d som m\u00e5ste ta n\u00e4sta steg f\u00f6r att inte locket ska flyga av.<\/p>\n","protected":false},"excerpt":{"rendered":"Vapenvilan mellan Israel och Hamas skulle kunna beskrivas som \u00e5rets mest hoppfulla \u00f6gonblick. Inte bara f\u00f6r Mellan\u00f6stern utan&hellip;\n","protected":false},"author":2,"featured_media":94232,"comment_status":"","ping_status":"","sticky":false,"template":"","format":"standard","meta":{"footnotes":""},"categories":[14],"tags":[22,23,26,27,17,21,24,25,28,29,15,16,18,34,31,33,32,30,19,20,51,52,53,54],"class_list":{"0":"post-121810","1":"post","2":"type-post","3":"status-publish","4":"format-standard","5":"has-post-thumbnail","7":"category-varlden","8":"tag-breaking-news","9":"tag-breakingnews","10":"tag-featured-news","11":"tag-featurednews","12":"tag-headlines","13":"tag-huvudnyheter","14":"tag-latest-news","15":"tag-latestnews","16":"tag-main-news","17":"tag-mainnews","18":"tag-news","19":"tag-nyheter","20":"tag-rubriker","21":"tag-se","22":"tag-svenska","23":"tag-sverige","24":"tag-sweden","25":"tag-swedish","26":"tag-top-stories","27":"tag-topstories","28":"tag-varlden","29":"tag-world","30":"tag-world-news","31":"tag-worldnews"},"share_on_mastodon":{"url":"https:\/\/pubeurope.com\/@se\/115814777822863569","error":""},"_links":{"self":[{"href":"https:\/\/www.europesays.com\/se\/wp-json\/wp\/v2\/posts\/121810","targetHints":{"allow":["GET"]}}],"collection":[{"href":"https:\/\/www.europesays.com\/se\/wp-json\/wp\/v2\/posts"}],"about":[{"href":"https:\/\/www.europesays.com\/se\/wp-json\/wp\/v2\/types\/post"}],"author":[{"embeddable":true,"href":"https:\/\/www.europesays.com\/se\/wp-json\/wp\/v2\/users\/2"}],"replies":[{"embeddable":true,"href":"https:\/\/www.europesays.com\/se\/wp-json\/wp\/v2\/comments?post=121810"}],"version-history":[{"count":0,"href":"https:\/\/www.europesays.com\/se\/wp-json\/wp\/v2\/posts\/121810\/revisions"}],"wp:featuredmedia":[{"embeddable":true,"href":"https:\/\/www.europesays.com\/se\/wp-json\/wp\/v2\/media\/94232"}],"wp:attachment":[{"href":"https:\/\/www.europesays.com\/se\/wp-json\/wp\/v2\/media?parent=121810"}],"wp:term":[{"taxonomy":"category","embeddable":true,"href":"https:\/\/www.europesays.com\/se\/wp-json\/wp\/v2\/categories?post=121810"},{"taxonomy":"post_tag","embeddable":true,"href":"https:\/\/www.europesays.com\/se\/wp-json\/wp\/v2\/tags?post=121810"}],"curies":[{"name":"wp","href":"https:\/\/api.w.org\/{rel}","templated":true}]}}