{"id":121811,"date":"2025-12-31T15:01:10","date_gmt":"2025-12-31T15:01:10","guid":{"rendered":"https:\/\/www.europesays.com\/se\/121811\/"},"modified":"2025-12-31T15:01:10","modified_gmt":"2025-12-31T15:01:10","slug":"langdskidor-maja-dahlqvist-vann-sitt-heat-utan-att-na-pallen-frida-karlsson-drog-pa-sig-syra","status":"publish","type":"post","link":"https:\/\/www.europesays.com\/se\/121811\/","title":{"rendered":"L\u00e4ngdskidor: Maja Dahlqvist vann sitt heat utan att n\u00e5 pallen \u2013 Frida Karlsson drog p\u00e5 sig syra"},"content":{"rendered":"<p>Frida Karlsson tog helt slut.<\/p>\n<p>Med ett bra tryck p\u00e5 slutet kunde Dahlqvist spurta hem sitt heat, det andra och fick sedan v\u00e4nta p\u00e5 att de fyra heaten skulle k\u00f6ras innan resultatlistan var klar. <\/p>\n<p>\u2013 Det var v\u00e4ldigt sv\u00e5rt att veta hur fort man skulle \u00e5ka men utifr\u00e5n de som jag \u00e5kte med gjorde jag ett taktiskt bra lopp, s\u00e4ger Dahlqvist, som hellre hade \u00e5kt samma distans individuellt till, SVT Sport.<\/p>\n<p>Det slutade med en niondeplats f\u00f6r Dahlqvist d\u00e4r de \u00e5tta f\u00f6rsta fick draghj\u00e4lp av Diggins &amp; Co i det tredje heatet.<\/p>\n<p>Frida Karlsson: \u201dDroppen rann \u00f6ver\u201d<\/p>\n<p>Frida Karlsson gick ut okej, inte alltf\u00f6r tufft,men tappade mycket och blev till slut 52:a \u2013 38 sekunder efter Diggins p\u00e5 det som blev en sprintdistans.<\/p>\n<p>\u2013 Det k\u00e4nns bra i b\u00f6rjan men sedan \u00e4r det som om en droppe rinner \u00f6ver (b\u00e4garen) och jag blir stum och f\u00e5r sv\u00e5rt att g\u00e5 p\u00e5 r\u00f6tt, kan inte \u00e5ka med syra, s\u00e4ger Karlsson.<\/p>\n<p>I morgon v\u00e4ntar en jaktstart \u00f6ver 20 km i klassiskt vilket borde passa Karlsson \u2013 om formen finns d\u00e4r.<\/p>\n<p>\u2013 Jag vill bara f\u00f6rs\u00f6ka hitta en bra k\u00e4nsla i morgon, ju mer jag vill desto s\u00e4mre g\u00e5r det, s\u00e4ger Karlsson som slog n\u00e4san blodig i g\u00e5r och lade ut ett klipp p\u00e5 sociala medier. <\/p>\n<p>\u2013 Jag \u00e5kte i m\u00f6rkret och s\u00e5 slocknade pannlampan och s\u00e5 slog jag till n\u00e4san med staven och s\u00e5 blev det n\u00e4sblod. Det s\u00e5g v\u00e4rre ut \u00e4n det var, s\u00e4ger Karlsson. <\/p>\n","protected":false},"excerpt":{"rendered":"Frida Karlsson tog helt slut. Med ett bra tryck p\u00e5 slutet kunde Dahlqvist spurta hem sitt heat, det&hellip;\n","protected":false},"author":2,"featured_media":121812,"comment_status":"","ping_status":"","sticky":false,"template":"","format":"standard","meta":{"footnotes":""},"categories":[5],"tags":[22,23,26,27,17,21,24,25,28,29,15,16,18,34,31,33,32,30,19,20],"class_list":{"0":"post-121811","1":"post","2":"type-post","3":"status-publish","4":"format-standard","5":"has-post-thumbnail","7":"category-rubriker","8":"tag-breaking-news","9":"tag-breakingnews","10":"tag-featured-news","11":"tag-featurednews","12":"tag-headlines","13":"tag-huvudnyheter","14":"tag-latest-news","15":"tag-latestnews","16":"tag-main-news","17":"tag-mainnews","18":"tag-news","19":"tag-nyheter","20":"tag-rubriker","21":"tag-se","22":"tag-svenska","23":"tag-sverige","24":"tag-sweden","25":"tag-swedish","26":"tag-top-stories","27":"tag-topstories"},"share_on_mastodon":{"url":"https:\/\/pubeurope.com\/@se\/115814785619100992","error":""},"_links":{"self":[{"href":"https:\/\/www.europesays.com\/se\/wp-json\/wp\/v2\/posts\/121811","targetHints":{"allow":["GET"]}}],"collection":[{"href":"https:\/\/www.europesays.com\/se\/wp-json\/wp\/v2\/posts"}],"about":[{"href":"https:\/\/www.europesays.com\/se\/wp-json\/wp\/v2\/types\/post"}],"author":[{"embeddable":true,"href":"https:\/\/www.europesays.com\/se\/wp-json\/wp\/v2\/users\/2"}],"replies":[{"embeddable":true,"href":"https:\/\/www.europesays.com\/se\/wp-json\/wp\/v2\/comments?post=121811"}],"version-history":[{"count":0,"href":"https:\/\/www.europesays.com\/se\/wp-json\/wp\/v2\/posts\/121811\/revisions"}],"wp:featuredmedia":[{"embeddable":true,"href":"https:\/\/www.europesays.com\/se\/wp-json\/wp\/v2\/media\/121812"}],"wp:attachment":[{"href":"https:\/\/www.europesays.com\/se\/wp-json\/wp\/v2\/media?parent=121811"}],"wp:term":[{"taxonomy":"category","embeddable":true,"href":"https:\/\/www.europesays.com\/se\/wp-json\/wp\/v2\/categories?post=121811"},{"taxonomy":"post_tag","embeddable":true,"href":"https:\/\/www.europesays.com\/se\/wp-json\/wp\/v2\/tags?post=121811"}],"curies":[{"name":"wp","href":"https:\/\/api.w.org\/{rel}","templated":true}]}}