{"id":121818,"date":"2025-12-31T15:09:09","date_gmt":"2025-12-31T15:09:09","guid":{"rendered":"https:\/\/www.europesays.com\/se\/121818\/"},"modified":"2025-12-31T15:09:09","modified_gmt":"2025-12-31T15:09:09","slug":"flera-kabelbrott-i-ostersjon-sabotage-utreds","status":"publish","type":"post","link":"https:\/\/www.europesays.com\/se\/121818\/","title":{"rendered":"Flera kabelbrott i \u00d6stersj\u00f6n \u2013 sabotage utreds"},"content":{"rendered":"<p>Den finska kustbevakningens ledningscentral fick information om skador p\u00e5 en telekommunikationskabel i Finska viken under onsdagen.<\/p>\n<p>Bevakningsfartyget VL Turva identifierade fartyget och uppt\u00e4ckte att dess ankare var neds\u00e4nkt i vattnet, skriver myndigheten p\u00e5 <a href=\"https:\/\/x.com\/Merivartiosto\/status\/2006320275411927305?s=20\" rel=\"nofollow\">X.<\/a><\/p>\n<p>Finska myndigheter har tagit kontroll \u00f6ver fartyget i en gemensam operation. Ansvaret f\u00f6r att leda \u00e4rendet har nu \u00f6verf\u00f6rts fr\u00e5n kustbevakningen till polisen, som meddelar att man utreder h\u00e4ndelsen som sabotage, enligt Reuters.<\/p>\n<p>\u201dNoterar att de sker samtidigt\u201d<\/p>\n<p>Senare meddelade Post- och Telestyrelsen (PTS) i Sverige att dubbla kabelbrott uppt\u00e4ckts p\u00e5 undervattenskablar tillh\u00f6rande det svensk\u00e4gda f\u00f6retaget Arelion. Skadorna ska ha uppst\u00e5tt i estnisk ekonomisk zon, enligt TT, och uppt\u00e4ckts under tisdagen respektive onsdagen.<\/p>\n<p>P\u00e5 TT:s fr\u00e5ga om myndigheten ser n\u00e5gra samband med kabelbrottet i finska viken svarar Anders Wallinder, chef p\u00e5 avdelningen f\u00f6r beredskap och s\u00e4kerhetsskydd p\u00e5 PTS:<\/p>\n<p>\u2013 Det kan vi inte g\u00f6ra, men vi noterar att de sker samtidigt. <\/p>\n<p><a href=\"https:\/\/www.justdigi.ee\/en\/news\/connectivity-ensured-despite-faults-five-undersea-cables\" rel=\"nofollow noopener\" target=\"_blank\">Estniska myndigheter<\/a> bed\u00f6mer att skadorna \u201dtroligtvis orsakats av stormiga v\u00e4derf\u00f6rh\u00e5llanden\u201d, men Martin Sj\u00f6gren, pressansvarig p\u00e5 Arelion, p\u00e5pekar att orsakerna fortfarande utreds.<\/p>\n<p>\u201dVi arbetar aktivt tillsammans med myndigheter i Sverige och andra l\u00e4nder f\u00f6r att utreda orsaken till skadorna. Vi kan inte l\u00e4mna n\u00e5gra detaljer om exakta tidpunkter eller platser i nul\u00e4get med h\u00e4nsyn till den p\u00e5g\u00e5ende utredningen\u201d, skriver han till TT.<\/p>\n<p>Presidenten: Inspekterat fartyget<\/p>\n<p>Finlands president Alexander Stubb uppger att man noga f\u00f6ljer utvecklingen.<\/p>\n<p>\u201dDe finska myndigheterna har inspekterat ett fartyg som misst\u00e4nks ha orsakat kabelskada i Finska viken\u201d, skriver presidenten p\u00e5 <a href=\"https:\/\/x.com\/alexstubb\/status\/2006319563328168007\" rel=\"nofollow\">X<\/a>.<\/p>\n<p>Texten uppdateras. <\/p>\n","protected":false},"excerpt":{"rendered":"Den finska kustbevakningens ledningscentral fick information om skador p\u00e5 en telekommunikationskabel i Finska viken under onsdagen. Bevakningsfartyget VL&hellip;\n","protected":false},"author":2,"featured_media":121819,"comment_status":"","ping_status":"","sticky":false,"template":"","format":"standard","meta":{"footnotes":""},"categories":[5],"tags":[22,23,26,27,17,21,24,25,28,29,15,16,18,34,31,33,32,30,19,20],"class_list":{"0":"post-121818","1":"post","2":"type-post","3":"status-publish","4":"format-standard","5":"has-post-thumbnail","7":"category-rubriker","8":"tag-breaking-news","9":"tag-breakingnews","10":"tag-featured-news","11":"tag-featurednews","12":"tag-headlines","13":"tag-huvudnyheter","14":"tag-latest-news","15":"tag-latestnews","16":"tag-main-news","17":"tag-mainnews","18":"tag-news","19":"tag-nyheter","20":"tag-rubriker","21":"tag-se","22":"tag-svenska","23":"tag-sverige","24":"tag-sweden","25":"tag-swedish","26":"tag-top-stories","27":"tag-topstories"},"share_on_mastodon":{"url":"https:\/\/pubeurope.com\/@se\/115814816974815265","error":""},"_links":{"self":[{"href":"https:\/\/www.europesays.com\/se\/wp-json\/wp\/v2\/posts\/121818","targetHints":{"allow":["GET"]}}],"collection":[{"href":"https:\/\/www.europesays.com\/se\/wp-json\/wp\/v2\/posts"}],"about":[{"href":"https:\/\/www.europesays.com\/se\/wp-json\/wp\/v2\/types\/post"}],"author":[{"embeddable":true,"href":"https:\/\/www.europesays.com\/se\/wp-json\/wp\/v2\/users\/2"}],"replies":[{"embeddable":true,"href":"https:\/\/www.europesays.com\/se\/wp-json\/wp\/v2\/comments?post=121818"}],"version-history":[{"count":0,"href":"https:\/\/www.europesays.com\/se\/wp-json\/wp\/v2\/posts\/121818\/revisions"}],"wp:featuredmedia":[{"embeddable":true,"href":"https:\/\/www.europesays.com\/se\/wp-json\/wp\/v2\/media\/121819"}],"wp:attachment":[{"href":"https:\/\/www.europesays.com\/se\/wp-json\/wp\/v2\/media?parent=121818"}],"wp:term":[{"taxonomy":"category","embeddable":true,"href":"https:\/\/www.europesays.com\/se\/wp-json\/wp\/v2\/categories?post=121818"},{"taxonomy":"post_tag","embeddable":true,"href":"https:\/\/www.europesays.com\/se\/wp-json\/wp\/v2\/tags?post=121818"}],"curies":[{"name":"wp","href":"https:\/\/api.w.org\/{rel}","templated":true}]}}