{"id":121822,"date":"2025-12-31T15:16:09","date_gmt":"2025-12-31T15:16:09","guid":{"rendered":"https:\/\/www.europesays.com\/se\/121822\/"},"modified":"2025-12-31T15:16:09","modified_gmt":"2025-12-31T15:16:09","slug":"sameby-overklagar-avslaget-om-skyddsjakt-pa-jarv-i-arjeplogsfjallen","status":"publish","type":"post","link":"https:\/\/www.europesays.com\/se\/121822\/","title":{"rendered":"Sameby \u00f6verklagar avslaget om skyddsjakt p\u00e5 j\u00e4rv i Arjeplogsfj\u00e4llen"},"content":{"rendered":"<p>                    <a data-lightbox=\"post-97099\" href=\"https:\/\/www.jaktojagare.se\/wp-content\/uploads\/2025\/12\/renar_shutt.jpg\" data-title=\"Foto: Shutterstock&lt;br\/&gt;Skyddsjakt p\u00e5 j\u00e4rv beh\u00f6vs f\u00f6r att skydda renarna, h\u00e4vdar samebyn och \u00f6verklagar till h\u00f6gre instans.\" rel=\"nofollow noopener\" target=\"_blank\"><br \/>\n                        <img width=\"1280\" height=\"720\" src=\"https:\/\/www.europesays.com\/se\/wp-content\/uploads\/2025\/12\/renar_shutt-1280x720.jpg\" class=\"attachment-large size-large\" alt=\"\" decoding=\"async\" fetchpriority=\"high\"   itemprop=\"image\"\/>                    <\/a><\/p>\n<p>\n                        Foto: Shutterstock<br \/>\n                        Skyddsjakt p\u00e5 j\u00e4rv beh\u00f6vs f\u00f6r att skydda renarna, h\u00e4vdar samebyn och \u00f6verklagar till h\u00f6gre instans.\n                    <\/p>\n<p>Publicerad 2025-12-31 12:31<\/p>\n<p>Semisjaur-Njarg sameby har g\u00e5tt vidare med en \u00f6verklagan efter att l\u00e4nsstyrelsen sagt nej till deras ans\u00f6kan om skyddsjakt p\u00e5 \u00e5tta j\u00e4rvar i Arjeplogsfj\u00e4llen.<\/p>\n<p>Beslutet fr\u00e5n l\u00e4nsstyrelsen grundades p\u00e5 att j\u00e4rvpopulationen i omr\u00e5det ligger under det regionala referensv\u00e4rdet, att skyddsjakt inte bed\u00f6ms vara proportionerlig och att man inte anser att jakten skulle n\u00e5 sitt m\u00e5l att minska skadorna p\u00e5 renhjordarna, rapporterar <a href=\"https:\/\/www.sverigesradio.se\/artikel\/sameby-overklagar-nej-till-skyddsjakt-pa-jarv-i-arjeplogsfjallen\" target=\"_blank\" rel=\"noopener nofollow\">SR Sameradion<\/a>.<\/p>\n<p>Samebyns vildmarksf\u00f6rvaltning menar dock att beslutet \u00e4r felaktigt. De pekar p\u00e5 att j\u00e4rvarnas skador \u00e4r stora och oproportionerliga i f\u00f6rh\u00e5llande till deras egna kostnader och anser att arten har god bevarandestatus nationellt, vilket g\u00f6r att en skyddsjakt inte skulle hota j\u00e4rvpopulationen i stort.<\/p>\n<p>\u00c4rendet g\u00e5r nu vidare till h\u00f6gre instans, d\u00e4r samebyn hoppas f\u00e5 ompr\u00f6vat l\u00e4nsstyrelsens avslag.<\/p>\n","protected":false},"excerpt":{"rendered":"Foto: Shutterstock Skyddsjakt p\u00e5 j\u00e4rv beh\u00f6vs f\u00f6r att skydda renarna, h\u00e4vdar samebyn och \u00f6verklagar till h\u00f6gre instans. Publicerad&hellip;\n","protected":false},"author":2,"featured_media":121823,"comment_status":"","ping_status":"","sticky":false,"template":"","format":"standard","meta":{"footnotes":""},"categories":[12],"tags":[22,23,26,27,17,21,24,25,28,29,15,16,18,34,31,33,32,30,19,20],"class_list":{"0":"post-121822","1":"post","2":"type-post","3":"status-publish","4":"format-standard","5":"has-post-thumbnail","7":"category-sverige","8":"tag-breaking-news","9":"tag-breakingnews","10":"tag-featured-news","11":"tag-featurednews","12":"tag-headlines","13":"tag-huvudnyheter","14":"tag-latest-news","15":"tag-latestnews","16":"tag-main-news","17":"tag-mainnews","18":"tag-news","19":"tag-nyheter","20":"tag-rubriker","21":"tag-se","22":"tag-svenska","23":"tag-sverige","24":"tag-sweden","25":"tag-swedish","26":"tag-top-stories","27":"tag-topstories"},"share_on_mastodon":{"url":"https:\/\/pubeurope.com\/@se\/115814844562123865","error":""},"_links":{"self":[{"href":"https:\/\/www.europesays.com\/se\/wp-json\/wp\/v2\/posts\/121822","targetHints":{"allow":["GET"]}}],"collection":[{"href":"https:\/\/www.europesays.com\/se\/wp-json\/wp\/v2\/posts"}],"about":[{"href":"https:\/\/www.europesays.com\/se\/wp-json\/wp\/v2\/types\/post"}],"author":[{"embeddable":true,"href":"https:\/\/www.europesays.com\/se\/wp-json\/wp\/v2\/users\/2"}],"replies":[{"embeddable":true,"href":"https:\/\/www.europesays.com\/se\/wp-json\/wp\/v2\/comments?post=121822"}],"version-history":[{"count":0,"href":"https:\/\/www.europesays.com\/se\/wp-json\/wp\/v2\/posts\/121822\/revisions"}],"wp:featuredmedia":[{"embeddable":true,"href":"https:\/\/www.europesays.com\/se\/wp-json\/wp\/v2\/media\/121823"}],"wp:attachment":[{"href":"https:\/\/www.europesays.com\/se\/wp-json\/wp\/v2\/media?parent=121822"}],"wp:term":[{"taxonomy":"category","embeddable":true,"href":"https:\/\/www.europesays.com\/se\/wp-json\/wp\/v2\/categories?post=121822"},{"taxonomy":"post_tag","embeddable":true,"href":"https:\/\/www.europesays.com\/se\/wp-json\/wp\/v2\/tags?post=121822"}],"curies":[{"name":"wp","href":"https:\/\/api.w.org\/{rel}","templated":true}]}}