{"id":121824,"date":"2025-12-31T15:17:06","date_gmt":"2025-12-31T15:17:06","guid":{"rendered":"https:\/\/www.europesays.com\/se\/121824\/"},"modified":"2025-12-31T15:17:06","modified_gmt":"2025-12-31T15:17:06","slug":"langdskidor-edvin-anger-samste-svensk-en-bedrovelse","status":"publish","type":"post","link":"https:\/\/www.europesays.com\/se\/121824\/","title":{"rendered":"L\u00e4ngdskidor: Edvin Anger s\u00e4mste svensk: \u201dEn bedr\u00f6velse\u201d"},"content":{"rendered":"<p>Se Anger ber\u00e4tta om besvikelsen i videon ovan.<\/p>\n<p>T\u00e4vlingen bestod av fyra heat med 25 \u00e5kare i varje.<\/p>\n<p>Vann gjorde amerikanen Gus Schumacher som \u00e5kte i heat tv\u00e5. Han kom i m\u00e5l p\u00e5 9.35,4 och tog d\u00e4rmed sin andra v\u00e4rldscupseger i karri\u00e4ren. <\/p>\n<p>\u00d6vriga pallplatser gick till \u00f6sterrikaren Benjamin Moser och norrmannen Lars Heggen, som ocks\u00e5 de ingick i det andra heatet med Schumacher.<\/p>\n<p>Gustaf Berglund kom \u00e5tta i sitt heat, trots ett fall, men hamnade totalt p\u00e5 30:e plats och blev n\u00e4st b\u00e4sta svensk. <\/p>\n<p>\u201dSpeciellt\u201d<\/p>\n<p>\u2013 Det \u00e4r speciellt, men man visste ju f\u00f6ruts\u00e4ttningarna s\u00e5 det \u00e4r bara att gilla l\u00e4get, s\u00e4ger Berglund till Viaplay.<\/p>\n<p>B\u00e4ste svensk blev Jonas Eriksson, som \u00e5kte i det f\u00f6rsta heatet, p\u00e5 plats 28 med tiden 9.46,1. <\/p>\n<p>\u2013 Jag vet inte om man kan kalla det heat, det \u00e4r ganska mycket folk och sv\u00e5rt att avancera. Lite annorlunda \u00e4r det, s\u00e4ger Eriksson.<\/p>\n<p>William Poromaa hamnade p\u00e5 plats 47.<\/p>\n<p>\u2013 Det var tufft, det var riktigt h\u00e5rt. Jag vet inte vad jag ska s\u00e4ga riktigt, det var speciellt, s\u00e4ger han.<\/p>\n<p>Anger s\u00e4mste svensk<\/p>\n<p>De h\u00f6gsta f\u00f6rhoppningarna bland svenskarna inf\u00f6r fanns p\u00e5 Edvin Anger. I st\u00e4llet blev han s\u00e4mst av de svenska \u00e5karna och hamnade totalt p\u00e5 plats 78 av 102 \u00e5kare. <\/p>\n<p>\u2013 Jag hade h\u00f6ga f\u00f6rhoppningar inf\u00f6r loppet, men\u2026 nej, riktigt d\u00e5ligt fr\u00e5n start till m\u00e5l egentligen. Jag kan inte \u00e5ka p\u00e5 skidorna i dag, jag blir bara stum, s\u00e4ger han.<\/p>\n<p>Vad har du f\u00f6r k\u00e4nsla nu?<\/p>\n<p>\u2013 Man \u00e4r ju grymt besviken och fundersam om varf\u00f6r det var s\u00e5 grymt d\u00e5ligt, s\u00e4ger han.<\/p>\n<p>Alvar Myhlback blev 45:a, Truls Gisselman 53:a och Johan Ekberg 55:a. Anton Grahn hamnade p\u00e5 plats 61 och Erik Rosj\u00f6 plats 63.<\/p>\n<p>Har f\u00e5tt kritik<\/p>\n<p>Storstj\u00e4rnan Johannes H\u00f6sflot Kl\u00e4bo vann sitt heat men hade tolfte b\u00e4sta tid totalt, 9.44,0. <\/p>\n<p>Det nya uppl\u00e4gget har kritiserats p\u00e5 f\u00f6rhand, bland annat p\u00e5 grund av att f\u00f6ruts\u00e4ttningarna kan skilja mycket beroende p\u00e5 vilket heat \u00e5karna hamnar i och en hel del kan avg\u00f6ras av slumpen.<\/p>\n<p>Samtidigt har flera \u00e5kare sett fram emot att testa n\u00e5got nytt och FIS f\u00f6rhoppning var att \u00e5kare som vanligtvis inte brukar vara i toppen skulle kunna vara med och fajtas om pallplatser.<\/p>\n<p>Johannes H\u00f6sflot Kl\u00e4bo leder fortsatt totalst\u00e4llningen av Tour de Ski, 45 sekunder f\u00f6re tv\u00e5an Lars Heggen och 57 f\u00f6re trean Harald \u00d6stberg Amundsen. Edvin Anger l\u00e5g fyra i totalen inf\u00f6r tredje etappen men tappar till tiondeplats efter dagen, 1 minut och 22 sekunder efter Kl\u00e4bo.<\/p>\n","protected":false},"excerpt":{"rendered":"Se Anger ber\u00e4tta om besvikelsen i videon ovan. T\u00e4vlingen bestod av fyra heat med 25 \u00e5kare i varje.&hellip;\n","protected":false},"author":2,"featured_media":121825,"comment_status":"","ping_status":"","sticky":false,"template":"","format":"standard","meta":{"footnotes":""},"categories":[5],"tags":[22,23,26,27,17,21,24,25,28,29,15,16,18,34,31,33,32,30,19,20],"class_list":{"0":"post-121824","1":"post","2":"type-post","3":"status-publish","4":"format-standard","5":"has-post-thumbnail","7":"category-rubriker","8":"tag-breaking-news","9":"tag-breakingnews","10":"tag-featured-news","11":"tag-featurednews","12":"tag-headlines","13":"tag-huvudnyheter","14":"tag-latest-news","15":"tag-latestnews","16":"tag-main-news","17":"tag-mainnews","18":"tag-news","19":"tag-nyheter","20":"tag-rubriker","21":"tag-se","22":"tag-svenska","23":"tag-sverige","24":"tag-sweden","25":"tag-swedish","26":"tag-top-stories","27":"tag-topstories"},"share_on_mastodon":{"url":"https:\/\/pubeurope.com\/@se\/115814848517644437","error":""},"_links":{"self":[{"href":"https:\/\/www.europesays.com\/se\/wp-json\/wp\/v2\/posts\/121824","targetHints":{"allow":["GET"]}}],"collection":[{"href":"https:\/\/www.europesays.com\/se\/wp-json\/wp\/v2\/posts"}],"about":[{"href":"https:\/\/www.europesays.com\/se\/wp-json\/wp\/v2\/types\/post"}],"author":[{"embeddable":true,"href":"https:\/\/www.europesays.com\/se\/wp-json\/wp\/v2\/users\/2"}],"replies":[{"embeddable":true,"href":"https:\/\/www.europesays.com\/se\/wp-json\/wp\/v2\/comments?post=121824"}],"version-history":[{"count":0,"href":"https:\/\/www.europesays.com\/se\/wp-json\/wp\/v2\/posts\/121824\/revisions"}],"wp:featuredmedia":[{"embeddable":true,"href":"https:\/\/www.europesays.com\/se\/wp-json\/wp\/v2\/media\/121825"}],"wp:attachment":[{"href":"https:\/\/www.europesays.com\/se\/wp-json\/wp\/v2\/media?parent=121824"}],"wp:term":[{"taxonomy":"category","embeddable":true,"href":"https:\/\/www.europesays.com\/se\/wp-json\/wp\/v2\/categories?post=121824"},{"taxonomy":"post_tag","embeddable":true,"href":"https:\/\/www.europesays.com\/se\/wp-json\/wp\/v2\/tags?post=121824"}],"curies":[{"name":"wp","href":"https:\/\/api.w.org\/{rel}","templated":true}]}}