{"id":121834,"date":"2025-12-31T15:24:08","date_gmt":"2025-12-31T15:24:08","guid":{"rendered":"https:\/\/www.europesays.com\/se\/121834\/"},"modified":"2025-12-31T15:24:08","modified_gmt":"2025-12-31T15:24:08","slug":"par-lundstrom-om-alderskontroll-pa-systembolaget","status":"publish","type":"post","link":"https:\/\/www.europesays.com\/se\/121834\/","title":{"rendered":"P\u00e4r Lundstr\u00f6m om \u00e5lderskontroll p\u00e5 Systembolaget"},"content":{"rendered":"<p>Det finns n\u00e5got n\u00e4stan h\u00f6gtidligt \u00f6ver den lilla mikroceremonin i kassalinjen p\u00e5 Systembolaget n\u00e4r kass\u00f6rskan fr\u00e5gar en 40-\u00e5ring om legitimation. Ett slags eftertraktat bevis p\u00e5 att ungdomen \u00e4nnu inte helt bl\u00e5st f\u00f6rbi.P\u00e4r Lundstr\u00f6m, butikschef p\u00e5 Systembolaget i Bol\u00e4nderna, beskriver hur personalen dagligen m\u00e5ste skilja p\u00e5 en 19-\u00e5ring fr\u00e5n en 25-\u00e5ring \u2013 och fr\u00e5n en 42<\/p>\n","protected":false},"excerpt":{"rendered":"Det finns n\u00e5got n\u00e4stan h\u00f6gtidligt \u00f6ver den lilla mikroceremonin i kassalinjen p\u00e5 Systembolaget n\u00e4r kass\u00f6rskan fr\u00e5gar en 40-\u00e5ring&hellip;\n","protected":false},"author":2,"featured_media":121835,"comment_status":"","ping_status":"","sticky":false,"template":"","format":"standard","meta":{"footnotes":""},"categories":[12],"tags":[22,23,26,27,17,21,24,25,28,29,15,16,18,34,31,33,32,30,19,20],"class_list":{"0":"post-121834","1":"post","2":"type-post","3":"status-publish","4":"format-standard","5":"has-post-thumbnail","7":"category-sverige","8":"tag-breaking-news","9":"tag-breakingnews","10":"tag-featured-news","11":"tag-featurednews","12":"tag-headlines","13":"tag-huvudnyheter","14":"tag-latest-news","15":"tag-latestnews","16":"tag-main-news","17":"tag-mainnews","18":"tag-news","19":"tag-nyheter","20":"tag-rubriker","21":"tag-se","22":"tag-svenska","23":"tag-sverige","24":"tag-sweden","25":"tag-swedish","26":"tag-top-stories","27":"tag-topstories"},"share_on_mastodon":{"url":"https:\/\/pubeurope.com\/@se\/115814876001914340","error":""},"_links":{"self":[{"href":"https:\/\/www.europesays.com\/se\/wp-json\/wp\/v2\/posts\/121834","targetHints":{"allow":["GET"]}}],"collection":[{"href":"https:\/\/www.europesays.com\/se\/wp-json\/wp\/v2\/posts"}],"about":[{"href":"https:\/\/www.europesays.com\/se\/wp-json\/wp\/v2\/types\/post"}],"author":[{"embeddable":true,"href":"https:\/\/www.europesays.com\/se\/wp-json\/wp\/v2\/users\/2"}],"replies":[{"embeddable":true,"href":"https:\/\/www.europesays.com\/se\/wp-json\/wp\/v2\/comments?post=121834"}],"version-history":[{"count":0,"href":"https:\/\/www.europesays.com\/se\/wp-json\/wp\/v2\/posts\/121834\/revisions"}],"wp:featuredmedia":[{"embeddable":true,"href":"https:\/\/www.europesays.com\/se\/wp-json\/wp\/v2\/media\/121835"}],"wp:attachment":[{"href":"https:\/\/www.europesays.com\/se\/wp-json\/wp\/v2\/media?parent=121834"}],"wp:term":[{"taxonomy":"category","embeddable":true,"href":"https:\/\/www.europesays.com\/se\/wp-json\/wp\/v2\/categories?post=121834"},{"taxonomy":"post_tag","embeddable":true,"href":"https:\/\/www.europesays.com\/se\/wp-json\/wp\/v2\/tags?post=121834"}],"curies":[{"name":"wp","href":"https:\/\/api.w.org\/{rel}","templated":true}]}}