{"id":121836,"date":"2025-12-31T15:25:18","date_gmt":"2025-12-31T15:25:18","guid":{"rendered":"https:\/\/www.europesays.com\/se\/121836\/"},"modified":"2025-12-31T15:25:18","modified_gmt":"2025-12-31T15:25:18","slug":"expressen-direkt-senaste-nytt-i-korthet-1059","status":"publish","type":"post","link":"https:\/\/www.europesays.com\/se\/121836\/","title":{"rendered":"Expressen Direkt \u2013 senaste nytt i korthet"},"content":{"rendered":"<p>Flera v\u00e4rmerekord slagna under 2025<\/p>\n<p id=\"isPasted\">V\u00e4rmerekord har slagits p\u00e5 flera platser under 2025, som ser ut att bli det tredje varmaste \u00e5ret efter 2024 och 2023.<\/p>\n<p>Flera regioner har under \u00e5ret upplevt de varmaste uppm\u00e4tta temperaturerna hittills. I Centralasien, Sahelregionen och norra Europa har medeltemperaturen aldrig tidigare varit h\u00f6gre, enligt data fr\u00e5n EU:s klimattj\u00e4nst Copernicus som har analyserats av AFP.<\/p>\n<p>Globalt sett ser de senaste tolv m\u00e5naderna ut att bli de tredje varmaste n\u00e5gonsin sedan m\u00e4tningarna b\u00f6rjade, efter de n\u00e4rmast f\u00f6reg\u00e5ende \u00e5ren 2024 och 2023.<\/p>\n<p>I Europa var sommaren exceptionellt varm. P\u00e5 Balkan n\u00e5dde temperaturen p\u00e5 sina h\u00e5ll hela tre grader \u00f6ver det normala.<\/p>\n<p>Norra Europa klarade sig i stort sett fr\u00e5n sommarens v\u00e4rmeb\u00f6lja, men upplevde en mycket varm h\u00f6st. Sammantaget \u00e4r 2025 ett av de tv\u00e5 varmaste \u00e5ren sedan m\u00e4tningarnas b\u00f6rjan f\u00f6r Sverige, Norge, Finland och Island.<\/p>\n<p>(TT)<\/p>\n","protected":false},"excerpt":{"rendered":"Flera v\u00e4rmerekord slagna under 2025 V\u00e4rmerekord har slagits p\u00e5 flera platser under 2025, som ser ut att bli&hellip;\n","protected":false},"author":2,"featured_media":39,"comment_status":"","ping_status":"","sticky":false,"template":"","format":"standard","meta":{"footnotes":""},"categories":[5],"tags":[22,23,26,27,17,21,24,25,28,29,15,16,18,34,31,33,32,30,19,20],"class_list":{"0":"post-121836","1":"post","2":"type-post","3":"status-publish","4":"format-standard","5":"has-post-thumbnail","7":"category-rubriker","8":"tag-breaking-news","9":"tag-breakingnews","10":"tag-featured-news","11":"tag-featurednews","12":"tag-headlines","13":"tag-huvudnyheter","14":"tag-latest-news","15":"tag-latestnews","16":"tag-main-news","17":"tag-mainnews","18":"tag-news","19":"tag-nyheter","20":"tag-rubriker","21":"tag-se","22":"tag-svenska","23":"tag-sverige","24":"tag-sweden","25":"tag-swedish","26":"tag-top-stories","27":"tag-topstories"},"share_on_mastodon":{"url":"https:\/\/pubeurope.com\/@se\/115814879892251207","error":""},"_links":{"self":[{"href":"https:\/\/www.europesays.com\/se\/wp-json\/wp\/v2\/posts\/121836","targetHints":{"allow":["GET"]}}],"collection":[{"href":"https:\/\/www.europesays.com\/se\/wp-json\/wp\/v2\/posts"}],"about":[{"href":"https:\/\/www.europesays.com\/se\/wp-json\/wp\/v2\/types\/post"}],"author":[{"embeddable":true,"href":"https:\/\/www.europesays.com\/se\/wp-json\/wp\/v2\/users\/2"}],"replies":[{"embeddable":true,"href":"https:\/\/www.europesays.com\/se\/wp-json\/wp\/v2\/comments?post=121836"}],"version-history":[{"count":0,"href":"https:\/\/www.europesays.com\/se\/wp-json\/wp\/v2\/posts\/121836\/revisions"}],"wp:featuredmedia":[{"embeddable":true,"href":"https:\/\/www.europesays.com\/se\/wp-json\/wp\/v2\/media\/39"}],"wp:attachment":[{"href":"https:\/\/www.europesays.com\/se\/wp-json\/wp\/v2\/media?parent=121836"}],"wp:term":[{"taxonomy":"category","embeddable":true,"href":"https:\/\/www.europesays.com\/se\/wp-json\/wp\/v2\/categories?post=121836"},{"taxonomy":"post_tag","embeddable":true,"href":"https:\/\/www.europesays.com\/se\/wp-json\/wp\/v2\/tags?post=121836"}],"curies":[{"name":"wp","href":"https:\/\/api.w.org\/{rel}","templated":true}]}}