{"id":121841,"date":"2025-12-31T15:31:40","date_gmt":"2025-12-31T15:31:40","guid":{"rendered":"https:\/\/www.europesays.com\/se\/121841\/"},"modified":"2025-12-31T15:31:40","modified_gmt":"2025-12-31T15:31:40","slug":"swedbank-hojer-bolanerantorna-2","status":"publish","type":"post","link":"https:\/\/www.europesays.com\/se\/121841\/","title":{"rendered":"Swedbank h\u00f6jer bol\u00e5ner\u00e4ntorna"},"content":{"rendered":"<p>Publicerad 30 dec 2025 kl 11.04Uppdaterad kl 12.06<\/p>\n<p>Swedbank \u00e4r n\u00e4sta bank att h\u00f6ja r\u00e4ntorna p\u00e5 bol\u00e5n. Under m\u00e5ndagen justerade man sina listr\u00e4ntor p\u00e5 bindningstider mellan ett och tio \u00e5r.\u00a0<\/p>\n<p>Ett\u00e5rsr\u00e4ntan h\u00f6js med 0.09 procentenheter medan l\u00e4ngre r\u00e4ntebindningstider h\u00f6js med 0,10 procentenheter.<\/p>\n<p>B\u00f6rskoll 19 december 2025 \u2013 se hela programmet<img   alt=\"\"\/><\/p>\n<p>Swedbank h\u00f6jer bol\u00e5ner\u00e4ntorna.<\/p>\n<p>Foto: OLLE SPORRONG<\/p>\n<p>\u00d6ppna bild i helsk\u00e4rm<\/p>\n<p>Trem\u00e5nadersr\u00e4ntan l\u00e4mnas samtidigt of\u00f6r\u00e4ndrad.<\/p>\n<p>Under de senaste veckorna har bland annat Nordea, Skandiabanken och SBAB h\u00f6jt sin bundna bol\u00e5ner\u00e4ntor.\u00a0<\/p>\n","protected":false},"excerpt":{"rendered":"Publicerad 30 dec 2025 kl 11.04Uppdaterad kl 12.06 Swedbank \u00e4r n\u00e4sta bank att h\u00f6ja r\u00e4ntorna p\u00e5 bol\u00e5n. Under&hellip;\n","protected":false},"author":2,"featured_media":121842,"comment_status":"","ping_status":"","sticky":false,"template":"","format":"standard","meta":{"footnotes":""},"categories":[65],"tags":[72,70,71,2541,34,1865,31,33,32,30,213],"class_list":{"0":"post-121841","1":"post","2":"type-post","3":"status-publish","4":"format-standard","5":"has-post-thumbnail","7":"category-ekonomi","8":"tag-business","9":"tag-economy","10":"tag-ekonomi","11":"tag-organization-swedbank","12":"tag-se","13":"tag-sections-bostad","14":"tag-svenska","15":"tag-sverige","16":"tag-sweden","17":"tag-swedish","18":"tag-topic-bolan-ranta"},"share_on_mastodon":{"url":"https:\/\/pubeurope.com\/@se\/115814903487107514","error":""},"_links":{"self":[{"href":"https:\/\/www.europesays.com\/se\/wp-json\/wp\/v2\/posts\/121841","targetHints":{"allow":["GET"]}}],"collection":[{"href":"https:\/\/www.europesays.com\/se\/wp-json\/wp\/v2\/posts"}],"about":[{"href":"https:\/\/www.europesays.com\/se\/wp-json\/wp\/v2\/types\/post"}],"author":[{"embeddable":true,"href":"https:\/\/www.europesays.com\/se\/wp-json\/wp\/v2\/users\/2"}],"replies":[{"embeddable":true,"href":"https:\/\/www.europesays.com\/se\/wp-json\/wp\/v2\/comments?post=121841"}],"version-history":[{"count":0,"href":"https:\/\/www.europesays.com\/se\/wp-json\/wp\/v2\/posts\/121841\/revisions"}],"wp:featuredmedia":[{"embeddable":true,"href":"https:\/\/www.europesays.com\/se\/wp-json\/wp\/v2\/media\/121842"}],"wp:attachment":[{"href":"https:\/\/www.europesays.com\/se\/wp-json\/wp\/v2\/media?parent=121841"}],"wp:term":[{"taxonomy":"category","embeddable":true,"href":"https:\/\/www.europesays.com\/se\/wp-json\/wp\/v2\/categories?post=121841"},{"taxonomy":"post_tag","embeddable":true,"href":"https:\/\/www.europesays.com\/se\/wp-json\/wp\/v2\/tags?post=121841"}],"curies":[{"name":"wp","href":"https:\/\/api.w.org\/{rel}","templated":true}]}}