{"id":121843,"date":"2025-12-31T15:33:08","date_gmt":"2025-12-31T15:33:08","guid":{"rendered":"https:\/\/www.europesays.com\/se\/121843\/"},"modified":"2025-12-31T15:33:08","modified_gmt":"2025-12-31T15:33:08","slug":"smhi-utfardar-rod-varning-for-ovadret-anna-extrema-snomangder","status":"publish","type":"post","link":"https:\/\/www.europesays.com\/se\/121843\/","title":{"rendered":"SMHI utf\u00e4rdar r\u00f6d varning f\u00f6r ov\u00e4dret Anna: Extrema sn\u00f6m\u00e4ngder"},"content":{"rendered":"<p>SMHI har med start p\u00e5 ny\u00e5rsdagsmorgonen utf\u00e4rdat flera varningar f\u00f6r stora delar av \u00f6stra Svealand och s\u00f6dra Norrland n\u00e4r ov\u00e4dret, som f\u00e5tt namnet Anna, drar in.<\/p>\n<p><strong>L\u00e4ngs kusten i delar av<\/strong> G\u00e4vleborgs l\u00e4n r\u00e5der en r\u00f6d varning. D\u00e4r v\u00e4ntas extremt stora sn\u00f6m\u00e4ngder falla samtidigt som det blir bl\u00e5sigt med risk f\u00f6r kraftig drivbildning. N\u00e5got som kan leda till att v\u00e4garna blir helt oframkomliga, varnar SMHI.<\/p>\n<p>\u2013 Det blir s\u00e5 pass stor p\u00e5verkan p\u00e5 samh\u00e4llet, att man riskerar att bli helt isolerad fr\u00e5n samh\u00e4llet. Det g\u00e5r inte att ta sig fram alls p\u00e5 v\u00e4garna, finns det risk f\u00f6r. Blir det ett akut sjukdomsfall exempelvis finns det risk att r\u00e4ddningstj\u00e4nsten inte tar sig fram, s\u00e4ger Viktor Bergman, meteorolog p\u00e5 SMHI.<\/p>\n<p><strong>I det r\u00f6da omr\u00e5det strax<\/strong> innanf\u00f6r kusten kan 4-6 decimeter sn\u00f6 falla fram till fredagsmorgonen, enligt SMHI. Det \u00e4r mycket ovanligt att SMHI utf\u00e4rdar r\u00f6da v\u00e4dervarningar.<\/p>\n<p>\u2013 Sedan vi bytte till det nya varningssystemet h\u00f6sten 2021 har vi aldrig haft en r\u00f6d varning n\u00e4r det g\u00e4ller sn\u00f6fall under sj\u00e4lva h\u00e4ndelsen, s\u00e4ger Viktor Bergman.<\/p>\n<p>Omr\u00e5det som v\u00e4ntas ber\u00f6ras av den r\u00f6da varningen \u00e4r landsbygden en bit ovanf\u00f6r Ockelbo och en del av omr\u00e5det mellan S\u00f6derhamn, Bolln\u00e4s, Hudiksvall och Ljusdal.<\/p>\n<p>\u2013 De kommer inte g\u00e5 att resa under den r\u00f6da varningen, det \u00e4r en v\u00e4ldigt d\u00e5lig id\u00e9. Det \u00e4r v\u00e4ldigt stor risk att man fastnar d\u00e5. Det \u00e4r b\u00e4ttre att h\u00e5lla sig inne, s\u00e4ger Viktor Bergman.<\/p>\n<p><strong>Boende i det r\u00f6da omr\u00e5det<\/strong> rekommenderas att f\u00f6rbereda sig ordentligt inf\u00f6r sn\u00f6ov\u00e4dret.<\/p>\n<p>\u2013 Om man bor i det h\u00e4r r\u00f6da omr\u00e5det g\u00e4ller det att bunkra upp och f\u00f6rbereda sig p\u00e5 att det inte g\u00e5r att ta sig n\u00e5gonstans under tjugofyra timmar, fr\u00e5n ungef\u00e4r mitt p\u00e5 dagen p\u00e5 ny\u00e5rsdagen till den 2 januari. Man ska ha mat och vatten f\u00f6r den tiden.<\/p>\n<p>Att m\u00e5nga personer i det ber\u00f6rda omr\u00e5det fortfarande inte har f\u00e5tt tillbaka sin str\u00f6m efter ov\u00e4dret Johannes spelar in att en r\u00f6d varning utf\u00e4rdats, enligt Viktor Bergman p\u00e5 SMHI.<\/p>\n<p>Med start den 1 januari 2026 inf\u00f6rs ett nytt system d\u00e4r stormar i Sverige, Norge och Danmark f\u00e5r en gemensam namnlista f\u00f6r ov\u00e4der med orange varning. Sn\u00f6ov\u00e4dret Anna har nu blivit den f\u00f6rsta att namnges enligt det nya systemet.<\/p>\n<p>          <img decoding=\"async\" class=\"picture__img\" src=\"https:\/\/www.europesays.com\/se\/wp-content\/uploads\/2025\/12\/b998417b-1377-4422-9b58-d0b30d8a0db8.jpeg\"   alt=\"Bara n\u00e5gra dagar efter att stormen Johannes drog in v\u00e4ntas nu sn\u00f6ov\u00e4dret Anna under ny\u00e5rsdagen.\"\/><\/p>\n<p>      Bara n\u00e5gra dagar efter att stormen Johannes drog in v\u00e4ntas nu sn\u00f6ov\u00e4dret Anna under ny\u00e5rsdagen.<\/p>\n<p>      Foto: Pontus Lundahl\/TT<\/p>\n<p>\u00c4ven t\u00e5gtrafiken p\u00e5verkas. Av s\u00e4kerhetssk\u00e4l st\u00e4lls j\u00e4rnv\u00e4gstrafiken p\u00e5 Botniabanan, \u00c5dalsbanan och delar av Norra stambanan samt Ostkustbanan st\u00e4lls in den 1 januari klockan 12 och ett dygn fram\u00e5t. Det drabbar bland annat t\u00e5g mellan Stockholm och \u00c5re, skriver TT.<\/p>\n<p>I ett omr\u00e5de i s\u00f6dra Norrlands kustland finns en orange v\u00e4dervarning f\u00f6r sn\u00f6fall i kombination med vind. Den gula varningen f\u00f6r sn\u00f6fall p\u00e5 ny\u00e5rsdagen har ut\u00f6kats till ett st\u00f6rre omr\u00e5de. Nu ing\u00e5r \u2013\u00a0ut\u00f6ver st\u00e4der som Stockholm, Uppsala, G\u00e4vle och Falun \u2013 \u00e4ven V\u00e4ster\u00e5s, \u00d6rebro och Sveg.<\/p>\n<p><strong>I de gula omr\u00e5dena<\/strong> \u00e4r det viktigt att ta det f\u00f6rsiktigt ute p\u00e5 v\u00e4garna, understryker Viktor Bergman. Personer som befinner sig i omr\u00e5den med orange niv\u00e5 kommer att beh\u00f6va r\u00e4kna med att det inte g\u00e5r att r\u00f6ja v\u00e4garna i tid.<\/p>\n<p>I s\u00f6dra halvan av landet varnar SMHI f\u00f6r pl\u00f6tsligt ishalka d\u00e5 regn v\u00e4ntas falla p\u00e5 kalla v\u00e4gar.<\/p>\n<p><strong>Hur ska ny\u00e5rsfirare t\u00e4nka?<\/strong><\/p>\n<p>\u2013\u00a0Det hinner inte h\u00e4nda s\u00e5 j\u00e4ttemycket fram till tolvslaget, utan det \u00e4r egentligen in p\u00e5 ny\u00e5rsdagen, och kanske n\u00e4r man ska ta sig hem om man har varit i v\u00e4g, som det kan vara sv\u00e5rt.<\/p>\n","protected":false},"excerpt":{"rendered":"SMHI har med start p\u00e5 ny\u00e5rsdagsmorgonen utf\u00e4rdat flera varningar f\u00f6r stora delar av \u00f6stra Svealand och s\u00f6dra Norrland&hellip;\n","protected":false},"author":2,"featured_media":121844,"comment_status":"","ping_status":"","sticky":false,"template":"","format":"standard","meta":{"footnotes":""},"categories":[12],"tags":[22,23,26,27,17,21,24,25,28,29,15,16,18,34,31,33,32,30,19,20],"class_list":{"0":"post-121843","1":"post","2":"type-post","3":"status-publish","4":"format-standard","5":"has-post-thumbnail","7":"category-sverige","8":"tag-breaking-news","9":"tag-breakingnews","10":"tag-featured-news","11":"tag-featurednews","12":"tag-headlines","13":"tag-huvudnyheter","14":"tag-latest-news","15":"tag-latestnews","16":"tag-main-news","17":"tag-mainnews","18":"tag-news","19":"tag-nyheter","20":"tag-rubriker","21":"tag-se","22":"tag-svenska","23":"tag-sverige","24":"tag-sweden","25":"tag-swedish","26":"tag-top-stories","27":"tag-topstories"},"share_on_mastodon":{"url":"https:\/\/pubeurope.com\/@se\/115814911509954129","error":""},"_links":{"self":[{"href":"https:\/\/www.europesays.com\/se\/wp-json\/wp\/v2\/posts\/121843","targetHints":{"allow":["GET"]}}],"collection":[{"href":"https:\/\/www.europesays.com\/se\/wp-json\/wp\/v2\/posts"}],"about":[{"href":"https:\/\/www.europesays.com\/se\/wp-json\/wp\/v2\/types\/post"}],"author":[{"embeddable":true,"href":"https:\/\/www.europesays.com\/se\/wp-json\/wp\/v2\/users\/2"}],"replies":[{"embeddable":true,"href":"https:\/\/www.europesays.com\/se\/wp-json\/wp\/v2\/comments?post=121843"}],"version-history":[{"count":0,"href":"https:\/\/www.europesays.com\/se\/wp-json\/wp\/v2\/posts\/121843\/revisions"}],"wp:featuredmedia":[{"embeddable":true,"href":"https:\/\/www.europesays.com\/se\/wp-json\/wp\/v2\/media\/121844"}],"wp:attachment":[{"href":"https:\/\/www.europesays.com\/se\/wp-json\/wp\/v2\/media?parent=121843"}],"wp:term":[{"taxonomy":"category","embeddable":true,"href":"https:\/\/www.europesays.com\/se\/wp-json\/wp\/v2\/categories?post=121843"},{"taxonomy":"post_tag","embeddable":true,"href":"https:\/\/www.europesays.com\/se\/wp-json\/wp\/v2\/tags?post=121843"}],"curies":[{"name":"wp","href":"https:\/\/api.w.org\/{rel}","templated":true}]}}