{"id":121845,"date":"2025-12-31T15:34:41","date_gmt":"2025-12-31T15:34:41","guid":{"rendered":"https:\/\/www.europesays.com\/se\/121845\/"},"modified":"2025-12-31T15:34:41","modified_gmt":"2025-12-31T15:34:41","slug":"bussolycka-i-stockholm-sexton-skadade-uppdaterad","status":"publish","type":"post","link":"https:\/\/www.europesays.com\/se\/121845\/","title":{"rendered":"Bussolycka i Stockholm \u2013 sexton skadade (uppdaterad)"},"content":{"rendered":"<p><a href=\"https:\/\/www.europesays.com\/se\/wp-content\/uploads\/2025\/12\/Blaljus-Liljeholmen.jpg\"><img loading=\"lazy\" decoding=\"async\" aria-describedby=\"caption-attachment-99576\" class=\"wp-image-99576\" src=\"https:\/\/www.europesays.com\/se\/wp-content\/uploads\/2025\/12\/Blaljus-Liljeholmen.jpg\" alt=\"\" width=\"450\" height=\"340\"  \/><\/a><\/p>\n<p id=\"caption-attachment-99576\" class=\"wp-caption-text\">Tio personer har skadats vid en bussolycka i Stockholm p\u00e5 tisdagseftermiddagen. Arkivbild: Ulo Maasing.<\/p>\n<p><strong>Sexton personer skadades vid en bussolycka i Liljeholmen i s\u00f6dra Stockholm vid 16-tiden p\u00e5 tisdagen. Vid olyckan k\u00f6rde en buss som gick i trafik f\u00f6r SL in i en byggnad vid bussterminalen i Liljeholmen. Vid 18.15-tiden uppgav Region Stockholm att sju personer, varav tv\u00e5 allvarligt skadade, f\u00f6rdes med ambulanshelikopter respektive ambulans till sjukhus. Ytterligare nio personer \u00e4r f\u00f6rda till n\u00e4rakut f\u00f6r omv\u00e5rdnad.<\/strong><\/p>\n<p>F\u00f6raren av olycksbussen \u00e4r en av de allvarligt skadade.<\/p>\n<p>Vid olyckstillf\u00e4llet befann sig 17 personer ombord p\u00e5 bussen. Larmet om olyckan kom in till polisen klockan 16.06. Vid olyckan k\u00f6rde en buss in i en husfasad p\u00e5 Liljeholmsv\u00e4gen n\u00e4ra en av entr\u00e9erna till tunnelbanan. F\u00f6rbi platsen g\u00e5r ocks\u00e5 tv\u00e4rbanan d\u00e4r trafiken tills vidare har st\u00e4ngts av.<\/p>\n<p>Enligt initiala uppgifter stod flera av passagerarna i bussen eftersom den var p\u00e5 v\u00e4g mot sin slutstation i n\u00e4rheten.<\/p>\n<p>Olyckan utl\u00f6ste ett stort r\u00e4ddningsp\u00e5drag fr\u00e5n polis, r\u00e4ddningstj\u00e4nst och ambulanssjukv\u00e5rd. Region Stockholm avslutade sjukv\u00e5rdsinsatsen p\u00e5 platsen klockan 17.31. P\u00e5 ny\u00e5rsaftons f\u00f6rmiddag uppgav Region Stockholm att tre personer, varav en med allvarliga men inte livshotande skador, alltj\u00e4mt v\u00e5rdades p\u00e5 sjukhus efter olyckan.<\/p>\n<p>Enligt polisen har ingen person utanf\u00f6r bussen eller i den byggnad som bussen kolliderade med skadats.<\/p>\n<p>Olycksbussen \u00e4gs av bussoperat\u00f6ren Nobina och gick i linjetrafik f\u00f6r SL och hade slutstation vid Liljeholmen, en knutpunkt f\u00f6r kollektivtrafiken i s\u00f6dra Stockholm d\u00e4r tunnelbana, tv\u00e4rbana och busslinjer m\u00f6ts.<\/p>\n<p>Polisen har inlett en utredning om v\u00e5rdsl\u00f6shet i trafik och v\u00e5llande till kroppsskada. Bussen har tagits i beslag och ska b\u00e4rgas fr\u00e5n platsen f\u00f6r teknisk unders\u00f6kning. Polisen har ocks\u00e5 h\u00e4mtat in filmer fr\u00e5n egna \u00f6vervakningskameror p\u00e5 platsen. Vidare har filmen fr\u00e5n den kamera som fanns ombord p\u00e5 bussen i olyckan h\u00e4mtats in. Det fanns ett t\u00e5g som p\u00e5 befann sig p\u00e5 platsen vars kamera har dokumenterat delar av olyckan. Samtliga filmer \u00e4r nu delar i den brottsutredning som inletts.<\/p>\n<p><strong>Taggat som: <\/strong> <a href=\"https:\/\/www.bussmagasinet.se\/tag\/bussolycka\/\" rel=\"tag nofollow noopener\" target=\"_blank\">bussolycka<\/a>, <a href=\"https:\/\/www.bussmagasinet.se\/tag\/liljeholmen\/\" rel=\"tag nofollow noopener\" target=\"_blank\">Liljeholmen<\/a>, <a href=\"https:\/\/www.bussmagasinet.se\/tag\/olyckor\/\" rel=\"tag nofollow noopener\" target=\"_blank\">olyckor<\/a>, <a href=\"https:\/\/www.bussmagasinet.se\/tag\/sl\/\" rel=\"tag nofollow noopener\" target=\"_blank\">SL<\/a>, <a href=\"https:\/\/www.bussmagasinet.se\/tag\/stockholm\/\" rel=\"tag nofollow noopener\" target=\"_blank\">Stockholm<\/a><\/p>\n","protected":false},"excerpt":{"rendered":"Tio personer har skadats vid en bussolycka i Stockholm p\u00e5 tisdagseftermiddagen. Arkivbild: Ulo Maasing. Sexton personer skadades vid&hellip;\n","protected":false},"author":2,"featured_media":121846,"comment_status":"","ping_status":"","sticky":false,"template":"","format":"standard","meta":{"footnotes":""},"categories":[5],"tags":[22,23,26,27,17,21,24,25,28,29,15,16,18,34,31,33,32,30,19,20],"class_list":{"0":"post-121845","1":"post","2":"type-post","3":"status-publish","4":"format-standard","5":"has-post-thumbnail","7":"category-rubriker","8":"tag-breaking-news","9":"tag-breakingnews","10":"tag-featured-news","11":"tag-featurednews","12":"tag-headlines","13":"tag-huvudnyheter","14":"tag-latest-news","15":"tag-latestnews","16":"tag-main-news","17":"tag-mainnews","18":"tag-news","19":"tag-nyheter","20":"tag-rubriker","21":"tag-se","22":"tag-svenska","23":"tag-sverige","24":"tag-sweden","25":"tag-swedish","26":"tag-top-stories","27":"tag-topstories"},"share_on_mastodon":{"url":"https:\/\/pubeurope.com\/@se\/115814915279673478","error":""},"_links":{"self":[{"href":"https:\/\/www.europesays.com\/se\/wp-json\/wp\/v2\/posts\/121845","targetHints":{"allow":["GET"]}}],"collection":[{"href":"https:\/\/www.europesays.com\/se\/wp-json\/wp\/v2\/posts"}],"about":[{"href":"https:\/\/www.europesays.com\/se\/wp-json\/wp\/v2\/types\/post"}],"author":[{"embeddable":true,"href":"https:\/\/www.europesays.com\/se\/wp-json\/wp\/v2\/users\/2"}],"replies":[{"embeddable":true,"href":"https:\/\/www.europesays.com\/se\/wp-json\/wp\/v2\/comments?post=121845"}],"version-history":[{"count":0,"href":"https:\/\/www.europesays.com\/se\/wp-json\/wp\/v2\/posts\/121845\/revisions"}],"wp:featuredmedia":[{"embeddable":true,"href":"https:\/\/www.europesays.com\/se\/wp-json\/wp\/v2\/media\/121846"}],"wp:attachment":[{"href":"https:\/\/www.europesays.com\/se\/wp-json\/wp\/v2\/media?parent=121845"}],"wp:term":[{"taxonomy":"category","embeddable":true,"href":"https:\/\/www.europesays.com\/se\/wp-json\/wp\/v2\/categories?post=121845"},{"taxonomy":"post_tag","embeddable":true,"href":"https:\/\/www.europesays.com\/se\/wp-json\/wp\/v2\/tags?post=121845"}],"curies":[{"name":"wp","href":"https:\/\/api.w.org\/{rel}","templated":true}]}}