{"id":121851,"date":"2025-12-31T15:41:33","date_gmt":"2025-12-31T15:41:33","guid":{"rendered":"https:\/\/www.europesays.com\/se\/121851\/"},"modified":"2025-12-31T15:41:33","modified_gmt":"2025-12-31T15:41:33","slug":"kyla-i-vasterbotten-med-minus-25-grader-vantas","status":"publish","type":"post","link":"https:\/\/www.europesays.com\/se\/121851\/","title":{"rendered":"Kyla i V\u00e4sterbotten med minus 25 grader v\u00e4ntas"},"content":{"rendered":"<p>Stormen Johannes blev julhelgens stora v\u00e4dersnackis. Tusentals hush\u00e5ll i Skelleftetrakten drabbades av str\u00f6mavbrott, flera bussturer st\u00e4lldes in och v\u00e4gar blockerades av nedfallna tr\u00e4d.Efter detta omtalade l\u00e5gtryck drar nu nordv\u00e4stliga vindar in \u00f6ver V\u00e4sterbotten. Och det inneb\u00e4r en rej\u00e4l k\u00f6ldkn\u00e4pp.\u2013 Vindarna f\u00f6r med sig kallare luft, f\u00f6rklarar Erik H\u00f6jg\u00e5rd-Olsen, vak<\/p>\n","protected":false},"excerpt":{"rendered":"Stormen Johannes blev julhelgens stora v\u00e4dersnackis. Tusentals hush\u00e5ll i Skelleftetrakten drabbades av str\u00f6mavbrott, flera bussturer st\u00e4lldes in och&hellip;\n","protected":false},"author":2,"featured_media":121852,"comment_status":"","ping_status":"","sticky":false,"template":"","format":"standard","meta":{"footnotes":""},"categories":[12],"tags":[22,23,26,27,17,21,24,25,28,29,15,16,18,34,31,33,32,30,19,20],"class_list":{"0":"post-121851","1":"post","2":"type-post","3":"status-publish","4":"format-standard","5":"has-post-thumbnail","7":"category-sverige","8":"tag-breaking-news","9":"tag-breakingnews","10":"tag-featured-news","11":"tag-featurednews","12":"tag-headlines","13":"tag-huvudnyheter","14":"tag-latest-news","15":"tag-latestnews","16":"tag-main-news","17":"tag-mainnews","18":"tag-news","19":"tag-nyheter","20":"tag-rubriker","21":"tag-se","22":"tag-svenska","23":"tag-sverige","24":"tag-sweden","25":"tag-swedish","26":"tag-top-stories","27":"tag-topstories"},"share_on_mastodon":{"url":"https:\/\/pubeurope.com\/@se\/115814942890679539","error":""},"_links":{"self":[{"href":"https:\/\/www.europesays.com\/se\/wp-json\/wp\/v2\/posts\/121851","targetHints":{"allow":["GET"]}}],"collection":[{"href":"https:\/\/www.europesays.com\/se\/wp-json\/wp\/v2\/posts"}],"about":[{"href":"https:\/\/www.europesays.com\/se\/wp-json\/wp\/v2\/types\/post"}],"author":[{"embeddable":true,"href":"https:\/\/www.europesays.com\/se\/wp-json\/wp\/v2\/users\/2"}],"replies":[{"embeddable":true,"href":"https:\/\/www.europesays.com\/se\/wp-json\/wp\/v2\/comments?post=121851"}],"version-history":[{"count":0,"href":"https:\/\/www.europesays.com\/se\/wp-json\/wp\/v2\/posts\/121851\/revisions"}],"wp:featuredmedia":[{"embeddable":true,"href":"https:\/\/www.europesays.com\/se\/wp-json\/wp\/v2\/media\/121852"}],"wp:attachment":[{"href":"https:\/\/www.europesays.com\/se\/wp-json\/wp\/v2\/media?parent=121851"}],"wp:term":[{"taxonomy":"category","embeddable":true,"href":"https:\/\/www.europesays.com\/se\/wp-json\/wp\/v2\/categories?post=121851"},{"taxonomy":"post_tag","embeddable":true,"href":"https:\/\/www.europesays.com\/se\/wp-json\/wp\/v2\/tags?post=121851"}],"curies":[{"name":"wp","href":"https:\/\/api.w.org\/{rel}","templated":true}]}}