{"id":121853,"date":"2025-12-31T15:42:18","date_gmt":"2025-12-31T15:42:18","guid":{"rendered":"https:\/\/www.europesays.com\/se\/121853\/"},"modified":"2025-12-31T15:42:18","modified_gmt":"2025-12-31T15:42:18","slug":"ovade-skytte-i-tradgarden-pa-julafton-dodade-aldre-dam","status":"publish","type":"post","link":"https:\/\/www.europesays.com\/se\/121853\/","title":{"rendered":"\u00d6vade skytte i tr\u00e4dg\u00e5rden p\u00e5 julafton \u2013 d\u00f6dade \u00e4ldre dam"},"content":{"rendered":"<p data-testid=\"lead\" itemprop=\"description\">Jufirandet slutade i tragedi \u2022 Tr\u00e4ffades av f\u00f6rlupen kula \u2013 n\u00e4r hon h\u00f6ll en bebis i famnen<\/p>\n<p class=\"sc-c25743f0-0 sc-e37c0145-2 hObFds DQgPn\"><strong>Ett julfirande i Comanche i Oklahoma slutade i tragedi.<br \/>En 33-\u00e5rig man pricksk\u00f6t med sin Glock i tr\u00e4dg\u00e5rden p\u00e5 julafton.<br \/>\u201dN\u00e5gra kvarter\u201d bort tr\u00e4ffades en \u00e4ldre kvinna av en f\u00f6rlupen kula och dog, rapporterar ABC News.<\/strong><\/p>\n<p class=\"sc-c25743f0-0 sc-e37c0145-2 hObFds DQgPn\">Offret ska ha befunnit sig p\u00e5 en inglasad veranda f\u00f6r att fira jul tillsammans med sl\u00e4kten. <\/p>\n<p class=\"sc-c25743f0-0 sc-e37c0145-2 hObFds DQgPn\">Julfirarna ska ha h\u00f6rt n\u00e5gon avlossa ett vapen \u201dn\u00e5gra minuter\u201d fr\u00e5n platsen d\u00e4r de befann sig. Den \u00e4ldre kvinnan ska d\u00e5 l\u00e4ttsamt ha sagt \u201dn\u00e5gon har visst f\u00e5tt en ny pistol i julklapp\u201d, enligt en vittnesutsaga. Kort d\u00e4refter ska hon ha sagt \u201douch\u201d och sedan kollapsat, rapporterar <a href=\"https:\/\/abcnews.go.com\/US\/oklahoma-man-target-practice-backyard-accused-fatally-shooting\/story?id=128707327\" class=\"pcc\" target=\"_blank\" rel=\"noopener noreferrer nofollow\">ABC News<\/a>.<\/p>\n<p>Grannarna: Fick vapnet i julklapp<\/p>\n<p class=\"sc-c25743f0-0 sc-e37c0145-2 hObFds DQgPn\">Kvinnan ska ha suttit i en s\u00e5 kallad \u201dlove seat\u201d (en sorts tv\u00e5-sits-f\u00e5t\u00f6lj) och haft en bebis i famnen n\u00e4r hon tr\u00e4ffades i \u00f6verarmen av den f\u00f6rlupna kulan. Projektilen fortsatte sedan in i br\u00f6stkorgen p\u00e5 henne.<\/p>\n<p class=\"sc-c25743f0-0 sc-e37c0145-2 hObFds DQgPn\">Kort d\u00e4rp\u00e5 konstaterades kvinnan avliden av sjukv\u00e5rdare som larmats till platsen.<\/p>\n<p class=\"sc-c25743f0-0 sc-e37c0145-2 hObFds DQgPn\">Efter att ha finkammat omr\u00e5det norr om bostaden kunde polisen konstatera att samtliga fastigheter utom 33-\u00e5ringens haft \u201dl\u00e4mpliga\u201d f\u00f6ruts\u00e4ttningar f\u00f6r \u00f6vningsskytte.<\/p>\n<p class=\"sc-c25743f0-0 sc-e37c0145-2 hObFds DQgPn\">Enligt mannens grannar ska han ocks\u00e5 ha f\u00e5tt en Glock i julklapp och dessutom t\u00f6mt n\u00e4rmare 20 magasin ammunition p\u00e5 julaftonseftermiddagen.<\/p>\n<p>Pricksk\u00f6t mot Red Bull-burk<\/p>\n<p class=\"sc-c25743f0-0 sc-e37c0145-2 hObFds DQgPn\">Konfronterad av polis uppgav mannen sj\u00e4lv att han prickskjutit mot en burk Red Bull i sin tr\u00e4dg\u00e5rd. Enligt mannen hade han k\u00f6pt vapnet sj\u00e4lv och avfyrat omkring tio skottsalvor den aktuella dagen.<\/p>\n<p class=\"sc-c25743f0-0 sc-e37c0145-2 hObFds DQgPn\">N\u00e4r poliserna ber\u00e4ttade f\u00f6r 33-\u00e5ringen vad hans f\u00f6rehavanden lett till ska han ha brustit ut i gr\u00e5t.<\/p>\n<p class=\"sc-c25743f0-0 sc-e37c0145-2 hObFds DQgPn\">33-\u00e5ringen \u00e5talas nu f\u00f6r dr\u00e5p, rapporterar ABC News.<\/p>\n<p class=\"sc-c25743f0-0 sc-e37c0145-2 hObFds DQgPn\">Enligt \u00e5talet har han orsakat kvinnans d\u00f6d \u201dgenom att med ett skjutvapen upptr\u00e4da p\u00e5 ett s\u00e4tt som skapade en situation med orimlig risk och sannolikhet f\u00f6r d\u00f6d, eller stor kroppsskada, f\u00f6r en annan person och visade en medveten brist p\u00e5 respekt f\u00f6r andras s\u00e4kerhet\u201d.<\/p>\n","protected":false},"excerpt":{"rendered":"Jufirandet slutade i tragedi \u2022 Tr\u00e4ffades av f\u00f6rlupen kula \u2013 n\u00e4r hon h\u00f6ll en bebis i famnen Ett&hellip;\n","protected":false},"author":2,"featured_media":121854,"comment_status":"","ping_status":"","sticky":false,"template":"","format":"standard","meta":{"footnotes":""},"categories":[5],"tags":[22,23,26,27,17,21,24,25,28,29,15,16,18,34,31,33,32,30,19,20],"class_list":{"0":"post-121853","1":"post","2":"type-post","3":"status-publish","4":"format-standard","5":"has-post-thumbnail","7":"category-rubriker","8":"tag-breaking-news","9":"tag-breakingnews","10":"tag-featured-news","11":"tag-featurednews","12":"tag-headlines","13":"tag-huvudnyheter","14":"tag-latest-news","15":"tag-latestnews","16":"tag-main-news","17":"tag-mainnews","18":"tag-news","19":"tag-nyheter","20":"tag-rubriker","21":"tag-se","22":"tag-svenska","23":"tag-sverige","24":"tag-sweden","25":"tag-swedish","26":"tag-top-stories","27":"tag-topstories"},"share_on_mastodon":{"url":"https:\/\/pubeurope.com\/@se\/115814946730048699","error":""},"_links":{"self":[{"href":"https:\/\/www.europesays.com\/se\/wp-json\/wp\/v2\/posts\/121853","targetHints":{"allow":["GET"]}}],"collection":[{"href":"https:\/\/www.europesays.com\/se\/wp-json\/wp\/v2\/posts"}],"about":[{"href":"https:\/\/www.europesays.com\/se\/wp-json\/wp\/v2\/types\/post"}],"author":[{"embeddable":true,"href":"https:\/\/www.europesays.com\/se\/wp-json\/wp\/v2\/users\/2"}],"replies":[{"embeddable":true,"href":"https:\/\/www.europesays.com\/se\/wp-json\/wp\/v2\/comments?post=121853"}],"version-history":[{"count":0,"href":"https:\/\/www.europesays.com\/se\/wp-json\/wp\/v2\/posts\/121853\/revisions"}],"wp:featuredmedia":[{"embeddable":true,"href":"https:\/\/www.europesays.com\/se\/wp-json\/wp\/v2\/media\/121854"}],"wp:attachment":[{"href":"https:\/\/www.europesays.com\/se\/wp-json\/wp\/v2\/media?parent=121853"}],"wp:term":[{"taxonomy":"category","embeddable":true,"href":"https:\/\/www.europesays.com\/se\/wp-json\/wp\/v2\/categories?post=121853"},{"taxonomy":"post_tag","embeddable":true,"href":"https:\/\/www.europesays.com\/se\/wp-json\/wp\/v2\/tags?post=121853"}],"curies":[{"name":"wp","href":"https:\/\/api.w.org\/{rel}","templated":true}]}}