{"id":121855,"date":"2025-12-31T15:44:08","date_gmt":"2025-12-31T15:44:08","guid":{"rendered":"https:\/\/www.europesays.com\/se\/121855\/"},"modified":"2025-12-31T15:44:08","modified_gmt":"2025-12-31T15:44:08","slug":"matilda-nilden-saljs-till-tottenham-hotspur","status":"publish","type":"post","link":"https:\/\/www.europesays.com\/se\/121855\/","title":{"rendered":"Matilda Nild\u00e9n s\u00e4ljs till Tottenham Hotspur"},"content":{"rendered":"<p><strong>Matilda Nild\u00e9n l\u00e4mnar BK H\u00e4cken efter tv\u00e5 \u00e5r. Yttern s\u00e4ljs till Tottenham Hotspur och tar d\u00e4rmed steget till den engelska h\u00f6gstaligan.\u00a0<\/strong><\/p>\n<p><strong>\u202f\u2013 Jag k\u00e4nner verkligen att alla har betytt s\u00e5 mycket. H\u00e4cken har k\u00e4nts som hemma f\u00f6r mig, s\u00e4ger hon.\u00a0<\/strong><\/p>\n<p>\u00a0<\/p>\n<p>Matilda Nild\u00e9n ansl\u00f6t till BK H\u00e4cken 2024 fr\u00e5n AIK i Elitettan. Under sina tv\u00e5 \u00e5r i BK H\u00e4cken etablerade hon sig snabbt som en viktig spelare och noterades totalt f\u00f6r 77 matcher, 16 m\u00e5l och 19 assists i den gulsvarta matchtr\u00f6jan. Och av m\u00e5nga minnesv\u00e4rda \u00f6gonblick sticker ett ut lite extra. \u00a0<\/p>\n<p>\u2013 Jag m\u00e5ste s\u00e4ga n\u00e4r vi tog hem SM-guldet i Stockholm. Jag \u00e4r s\u00e5 stolt och tacksam att vi gjorde det. Sedan har det blivit spel i b\u00e5de Champions League och Europa Cup och det har varit v\u00e4ldigt kul, s\u00e4ger hon.\u00a0<\/p>\n<p>\u00a0<\/p>\n<p><strong>Har k\u00e4nt sig som hemma<\/strong>\u00a0<\/p>\n<p>Avskedet fr\u00e5n klubben har varit k\u00e4nslosamt efter tv\u00e5 intensiva \u00e5r med sportsliga framg\u00e5ngar och personlig utveckling.\u00a0<\/p>\n<p>\u202f\u2013 Jag trodde inte att det skulle vara s\u00e5 k\u00e4nslosamt att ta steget fr\u00e5n H\u00e4cken. Jag k\u00e4nner verkligen att alla har betytt s\u00e5 mycket, lagkamraterna, ledarna och m\u00e4nniskorna runtom. Det \u00e4r en fin k\u00e4nsla att komma till tr\u00e4ningarna och k\u00e4nna sig som hemma, s\u00e4ger Nild\u00e9n.\u00a0<\/p>\n<p>\u00a0<\/p>\n<p>F\u00f6rutom framg\u00e5ngarna p\u00e5 klubbniv\u00e5 har Matilda Nild\u00e9n \u00e4ven tagit tydliga kliv i landslagsmilj\u00f6. Under tiden i BK H\u00e4cken har hon g\u00e5tt fr\u00e5n spel i F19-landslaget till att etablera sig i U23-landslaget. Samtidigt har hon f\u00e5tt internationell erfarenhet.\u00a0<\/p>\n<p>Nu v\u00e4ntar n\u00e4sta kapitel i karri\u00e4ren n\u00e4r flyttlasset g\u00e5r till London och Tottenham Hotspur, d\u00e4r hon \u00e5terf\u00f6renas hon med tidigare lagkamraten Josefine Rybrink och storasystern Amanda Nild\u00e9n. \u00a0<\/p>\n<p>\u202f\u2013 Jag \u00e4r b\u00e5de nerv\u00f6s och f\u00f6rv\u00e4ntansfull, s\u00e4ger 21-\u00e5ringen. Det \u00e4r s\u00e5klart l\u00e4skigt men jag \u00e4r otroligt taggad och sp\u00e4nd p\u00e5 vad det har att erbjuda.\u00a0<\/p>\n<p>\u00a0<\/p>\n<p><strong>Lyckat exempel p\u00e5 BK H\u00e4ckens strategi\u00a0<\/strong><\/p>\n<p>F\u00f6rs\u00e4ljningen av Matilda Nild\u00e9n exemplifierar v\u00e4l BK H\u00e4ckens ambition om att knyta till sig lovande spelare, ge dem bra m\u00f6jligheter att utvecklas \u2013 och att ta steget vidare, s\u00e4ger BK H\u00e4ckens fotbollschef Martin Ericsson.\u00a0<\/p>\n<p>\u2013 Det har varit en fin utveckling d\u00e4r vi g\u00f6r en investering i en ung spelare som nu s\u00e4ljs till en av de st\u00f6rsta ligorna. Matilda har i \u00e5r f\u00e5tt mer och mer speltid och varit en lojal och viktig del i att f\u00f6r\u00e4ndra matcher och h\u00e5lla en h\u00f6g niv\u00e5 i det. Hon \u00e4r en ambiti\u00f6s person med stort driv och vilja s\u00e5 man f\u00f6rst\u00e5r detta n\u00e4sta steg.\u00a0<\/p>\n<p>\u00a0<\/p>\n<p>Avslutningsvis riktar Matilda Nild\u00e9n ett varmt tack till BK H\u00e4ckens supportrar efter \u00e5ren i klubben.\u00a0<\/p>\n<p>\u202f\u2013 Tack f\u00f6r det otroliga st\u00f6det. Alla \u00e4r underbara och jag hoppas verkligen att det st\u00f6det vi har haft i \u00e5r forts\u00e4tter n\u00e4sta \u00e5r. Och s\u00e5 hoppas jag att vi ses igen p\u00e5 Nordic Wellness Arena, s\u00e4ger hon.<\/p>\n","protected":false},"excerpt":{"rendered":"Matilda Nild\u00e9n l\u00e4mnar BK H\u00e4cken efter tv\u00e5 \u00e5r. Yttern s\u00e4ljs till Tottenham Hotspur och tar d\u00e4rmed steget till&hellip;\n","protected":false},"author":2,"featured_media":121856,"comment_status":"","ping_status":"","sticky":false,"template":"","format":"standard","meta":{"footnotes":""},"categories":[68],"tags":[159,4526,138,4527,3474,34,111,110,31,33,32,30],"class_list":{"0":"post-121855","1":"post","2":"type-post","3":"status-publish","4":"format-standard","5":"has-post-thumbnail","7":"category-sport","8":"tag-allsvenskan","9":"tag-bravida-arena","10":"tag-fotboll","11":"tag-gpa","12":"tag-hisingen","13":"tag-se","14":"tag-sport","15":"tag-sports","16":"tag-svenska","17":"tag-sverige","18":"tag-sweden","19":"tag-swedish"},"share_on_mastodon":{"url":"https:\/\/pubeurope.com\/@se\/115814954703754661","error":""},"_links":{"self":[{"href":"https:\/\/www.europesays.com\/se\/wp-json\/wp\/v2\/posts\/121855","targetHints":{"allow":["GET"]}}],"collection":[{"href":"https:\/\/www.europesays.com\/se\/wp-json\/wp\/v2\/posts"}],"about":[{"href":"https:\/\/www.europesays.com\/se\/wp-json\/wp\/v2\/types\/post"}],"author":[{"embeddable":true,"href":"https:\/\/www.europesays.com\/se\/wp-json\/wp\/v2\/users\/2"}],"replies":[{"embeddable":true,"href":"https:\/\/www.europesays.com\/se\/wp-json\/wp\/v2\/comments?post=121855"}],"version-history":[{"count":0,"href":"https:\/\/www.europesays.com\/se\/wp-json\/wp\/v2\/posts\/121855\/revisions"}],"wp:featuredmedia":[{"embeddable":true,"href":"https:\/\/www.europesays.com\/se\/wp-json\/wp\/v2\/media\/121856"}],"wp:attachment":[{"href":"https:\/\/www.europesays.com\/se\/wp-json\/wp\/v2\/media?parent=121855"}],"wp:term":[{"taxonomy":"category","embeddable":true,"href":"https:\/\/www.europesays.com\/se\/wp-json\/wp\/v2\/categories?post=121855"},{"taxonomy":"post_tag","embeddable":true,"href":"https:\/\/www.europesays.com\/se\/wp-json\/wp\/v2\/tags?post=121855"}],"curies":[{"name":"wp","href":"https:\/\/api.w.org\/{rel}","templated":true}]}}