{"id":121857,"date":"2025-12-31T15:45:07","date_gmt":"2025-12-31T15:45:07","guid":{"rendered":"https:\/\/www.europesays.com\/se\/121857\/"},"modified":"2025-12-31T15:45:07","modified_gmt":"2025-12-31T15:45:07","slug":"euphoria-och-greys-anatomy-skadisen-eric-dane-far-vard-for-als","status":"publish","type":"post","link":"https:\/\/www.europesays.com\/se\/121857\/","title":{"rendered":"Euphoria- och Grey&#8217;s anatomy-sk\u00e5disen Eric Dane f\u00e5r v\u00e5rd f\u00f6r ALS"},"content":{"rendered":"<p>Publicerad 31 dec 2025 kl 16.24Uppdaterad kl 16.29<\/p>\n<p>I v\u00e5ras ber\u00e4ttade han om sin ALS-diagnos. <br \/>Nu beh\u00f6ver \u201dEuphoria\u201d-stj\u00e4rnan Eric Dane v\u00e5rd dygnet runt.<\/p>\n<p>Frun Rebecca Gayheart \u00f6ppnar upp om makens tillst\u00e5nd.<\/p>\n<p>\u201dEric har nu sjuksk\u00f6terskor dygnet runt\u201d, skriver hon i <a href=\"https:\/\/www.thecut.com\/article\/rebecca-gayheart-caregiving-eric-dane-als-diagnosis.html\" rel=\"nofollow noopener\" target=\"_blank\">the Cut<\/a>.<\/p>\n<p><img   alt=\"\"\/><\/p>\n<p>Eric Dane p\u00e5 premi\u00e4ren av \u201dBad boys\u201d.<\/p>\n<p>Foto: Billy Bennight \/ SIPA\/IBL<\/p>\n<p>\u00d6ppna bild i helsk\u00e4rm<img loading=\"lazy\"   alt=\"\"\/><\/p>\n<p>Dane som Dr Mark Sloan i \u201dGrey&#8217;s anatomy\u201d.<\/p>\n<p>Foto: Randy Holmes \/ SHUTTERSTOCK EDITORIAL REX\/IBL<\/p>\n<p>\u00d6ppna bild i helsk\u00e4rm<img loading=\"lazy\"   alt=\"\"\/><\/p>\n<p>Rebecca Gayheart.<\/p>\n<p>Foto: HPA\/INSIGHT MEDIA \/ INSIGHT MEDIA STELLA PICTURES<\/p>\n<p>\u00d6ppna bild i helsk\u00e4rm<img loading=\"lazy\"   alt=\"\"\/><\/p>\n<p>Eric Dane och Rebecca Gayheart 2011.<\/p>\n<p>Foto: AB1 \/ ALL OVER PRESS WENN.COM<\/p>\n<p>\u00d6ppna bild i helsk\u00e4rm<\/p>\n<p>Det var i april som Eric Dane, 52, k\u00e4nd fr\u00e5n bland annat \u201dGrey&#8217;s anatomy\u201d, gick ut med att han f\u00e5tt den obotliga sjukdomen ALS.<\/p>\n<p>D\u00e5 befann han sig mitt i inspelningarna av den tredje s\u00e4songen av \u201dEuphoria\u201d, som har premi\u00e4r p\u00e5 <a href=\"https:\/\/www.expressen.se\/tagg\/organization\/hbo\/\" class=\"\" rel=\"nofollow noopener\" target=\"_blank\">HBO<\/a> i april.<\/p>\n<p>Dane, som spelar Cal Jacobs i serien, ber\u00e4ttade f\u00f6r <a href=\"https:\/\/people.com\/eric-dane-diagnosed-with-als-exclusive-11713179\" rel=\"nofollow noopener\" target=\"_blank\">People<\/a> att han skulle forts\u00e4tta spela in s\u00e4songen, trots sjukdomsbeskedet.\u00a0<\/p>\n<p>\u2013 Jag k\u00e4nner mig lyckligt lottad som kan forts\u00e4tta arbeta och ser fram emot att \u00e5terv\u00e4nda till inspelningen f\u00f6r \u201dEuphoria\u201d n\u00e4sta vecka, sa Dane till tidningen.<\/p>\n<p>Artikeln i korthet<\/p>\n<p> Eric Dane v\u00e5rdas dygnet runt f\u00f6r sin ALS.<\/p>\n<p> Frun Rebecca Gayheart ber\u00e4ttar om h\u00e4lsotillst\u00e5ndet i the Cut.<\/p>\n<p> Dane vill forts\u00e4tta sk\u00e5despela trots sjukdomen.<\/p>\n<p>Visa merV\u00e5rdas dygnet runt<\/p>\n<p>Nu har sk\u00e5despelarens tillst\u00e5nd f\u00f6rv\u00e4rrats och han beh\u00f6ver v\u00e5rd dygnet runt.<\/p>\n<p>Detta ber\u00e4ttar hans fru Rebecca Gayheart i en ess\u00e4 hon skrivit f\u00f6r the Cut.<\/p>\n<p>Enligt Gayheart \u00e4r veckan f\u00f6r v\u00e5rdpersonalen indelad i 21 arbetspass och de tider som inte \u00e4r t\u00e4ckta hoppar hon in f\u00f6r att hj\u00e4lpa maken.\u00a0<\/p>\n<p>Drog tillbaka skilsm\u00e4ssa efter beskedet<\/p>\n<p>Eric Dane och Rebecca Gayheart gifte sig 2004 och tillsammans har de tv\u00e5 d\u00f6ttrar.\u00a0<\/p>\n<p>Makarna har varit separerade sedan 2018 d\u00e5 Gayheart ans\u00f6kte om skilsm\u00e4ssa.\u00a0<\/p>\n<p>Hon drog tillbaka sin ans\u00f6kan kort innan Dane gick ut med beskedet om att han drabbats av sjukdomen.\u00a0<\/p>\n<p>\u201dEric och jag \u00e4r inte l\u00e4ngre ett par; vi \u00e4r familj \u2013 och vi m\u00f6ter hans ALS-diagnos, och vad som kommer efter den, tillsammans\u201d, skriver hon i the Cut.\u00a0<\/p>\n<p>Vill forts\u00e4tta jobba<\/p>\n<p>N\u00e4r Eric Dane medverkade i ett digitalt panelsamtal f\u00f6r f\u00f6reningen I AM ALS tidigare i december sa han att han vill forts\u00e4tta sk\u00e5despela, trots sjukdomen.<\/p>\n<p>\u2013 Jag \u00e4r ganska begr\u00e4nsad i vad jag kan g\u00f6ra fysiskt som sk\u00e5despelare, men jag har fortfarande min hj\u00e4rna och min talf\u00f6rm\u00e5ga, s\u00e5 jag \u00e4r villig att g\u00f6ra n\u00e4stan vad som helst.<\/p>\n<p>I november medverkade Dane i Brilliant Minds som en brandman med ALS, hans f\u00f6rsta roll sedan han offentligt ber\u00e4ttade om sin diagnos, rapporterar <a href=\"https:\/\/www.independent.co.uk\/life-style\/eric-dane-als-health-update-greys-anatomy-rebecca-gayheart-b2892490.html?fbclid=IwRlRTSAPB1z1leHRuA2FlbQIxMQBzcnRjBmFwcF9pZAo2NjI4NTY4Mzc5AAEeYiULewvqgzA2zBYjJqmvGJXEK6A4mQbeEBiOjz9FmO15B7_C2Aptoaj4qJ8_aem_xLlJZ9dlTvkF2Xbv_ZZQFw\" rel=\"nofollow noopener\" target=\"_blank\">The Independent<\/a>.<\/p>\n<p>ALS \u00e4r en allvarlig men ovanlig nervsjukdom som p\u00e5verkar musklerna.<\/p>\n","protected":false},"excerpt":{"rendered":"Publicerad 31 dec 2025 kl 16.24Uppdaterad kl 16.29 I v\u00e5ras ber\u00e4ttade han om sin ALS-diagnos. Nu beh\u00f6ver \u201dEuphoria\u201d-stj\u00e4rnan&hellip;\n","protected":false},"author":2,"featured_media":121858,"comment_status":"","ping_status":"","sticky":false,"template":"","format":"standard","meta":{"footnotes":""},"categories":[67],"tags":[104,2505,34,31,33,32,30,1739,105],"class_list":{"0":"post-121857","1":"post","2":"type-post","3":"status-publish","4":"format-standard","5":"has-post-thumbnail","7":"category-underhallning","8":"tag-entertainment","9":"tag-organization-hbo","10":"tag-se","11":"tag-svenska","12":"tag-sverige","13":"tag-sweden","14":"tag-swedish","15":"tag-topic-kronisk-sjukdom","16":"tag-underhallning"},"share_on_mastodon":{"url":"https:\/\/pubeurope.com\/@se\/115814958585438060","error":""},"_links":{"self":[{"href":"https:\/\/www.europesays.com\/se\/wp-json\/wp\/v2\/posts\/121857","targetHints":{"allow":["GET"]}}],"collection":[{"href":"https:\/\/www.europesays.com\/se\/wp-json\/wp\/v2\/posts"}],"about":[{"href":"https:\/\/www.europesays.com\/se\/wp-json\/wp\/v2\/types\/post"}],"author":[{"embeddable":true,"href":"https:\/\/www.europesays.com\/se\/wp-json\/wp\/v2\/users\/2"}],"replies":[{"embeddable":true,"href":"https:\/\/www.europesays.com\/se\/wp-json\/wp\/v2\/comments?post=121857"}],"version-history":[{"count":0,"href":"https:\/\/www.europesays.com\/se\/wp-json\/wp\/v2\/posts\/121857\/revisions"}],"wp:featuredmedia":[{"embeddable":true,"href":"https:\/\/www.europesays.com\/se\/wp-json\/wp\/v2\/media\/121858"}],"wp:attachment":[{"href":"https:\/\/www.europesays.com\/se\/wp-json\/wp\/v2\/media?parent=121857"}],"wp:term":[{"taxonomy":"category","embeddable":true,"href":"https:\/\/www.europesays.com\/se\/wp-json\/wp\/v2\/categories?post=121857"},{"taxonomy":"post_tag","embeddable":true,"href":"https:\/\/www.europesays.com\/se\/wp-json\/wp\/v2\/tags?post=121857"}],"curies":[{"name":"wp","href":"https:\/\/api.w.org\/{rel}","templated":true}]}}