{"id":121859,"date":"2025-12-31T15:48:11","date_gmt":"2025-12-31T15:48:11","guid":{"rendered":"https:\/\/www.europesays.com\/se\/121859\/"},"modified":"2025-12-31T15:48:11","modified_gmt":"2025-12-31T15:48:11","slug":"nytt-kabelbrott-i-finska-viken-fartyg-i-beslag","status":"publish","type":"post","link":"https:\/\/www.europesays.com\/se\/121859\/","title":{"rendered":"Nytt kabelbrott i Finska viken \u2013\u00a0fartyg i beslag"},"content":{"rendered":"<p>Tv\u00e5 kablar f\u00f6r datakommunikation mellan Helsingfors och Tallinn skadades tidigt p\u00e5 ny\u00e5rsafton. Brotten p\u00e5 ledningarna skedde inom estnisk ekonomisk zon och senare p\u00e5 morgonen kunde finl\u00e4ndsk kustbevakning stoppa ett fartyg, som misst\u00e4nks ha orsakat skadorna.<\/p>\n<p>\u201dFartygets ankark\u00e4tting var neds\u00e4nkt i havet. Gr\u00e4nspolisen beg\u00e4rde att fartyget stannade och h\u00f6jde ankark\u00e4ttingen\u201d, skriver polisen i ett uttalande.<\/p>\n<p>          <img decoding=\"async\" class=\"picture__img\" src=\"https:\/\/static.bonniernews.se\/ba\/a12dd5cb-507f-40b0-bbb9-41cd02be35fc.jpeg?io=1&amp;auto=webp&amp;quality=80&amp;width=1010&amp;crop=16:9,smart\" loading=\"lazy\"   alt=\"Fartyget ligger sedan eftermiddagen ankrat n\u00e4ra land i Finland.\"\/><\/p>\n<p>                Bild 1 av 2<\/p>\n<p>      Fartyget ligger sedan eftermiddagen ankrat n\u00e4ra land i Finland.<\/p>\n<p>      Foto: Marine traffic<\/p>\n<p>          <img decoding=\"async\" class=\"picture__img\" src=\"https:\/\/static.bonniernews.se\/ba\/a334bc64-1e1a-4574-9d42-d268bc319590.jpeg?io=1&amp;auto=webp&amp;quality=80&amp;width=1010&amp;crop=16:9,smart\" loading=\"lazy\"   alt=\"Fartyg l\u00e4mnade Sankt Petersburg p\u00e5 tisdagen.\"\/><\/p>\n<p>                Bild 2 av 2<\/p>\n<p>      Fartyg l\u00e4mnade Sankt Petersburg p\u00e5 tisdagen.<\/p>\n<p>      Foto: Marine traffic<\/p>\n<p>14 bes\u00e4ttningsmedlemmar har nu tagits i f\u00f6rvar tillsammans med fartyget, meddelar polisen p\u00e5 en presstr\u00e4ff. I bes\u00e4ttningen finns ryska, georgiska, kazakiska och azeriska medborgare. De kommer nu att f\u00f6rh\u00f6ras.<\/p>\n<p>Fartyget Fitburg \u00e4r registrerat i Saint Vincent och Grenadinerna och l\u00e4mnade hamnen i Sankt Petersburg p\u00e5 tisdagen. Sj\u00f6trafikstj\u00e4nsten Marinetraffic visar hur det var p\u00e5 v\u00e4g ut ur Finska viken, men vid 07-tiden p\u00e5 onsdagen v\u00e4nde in mot Finlands kust.<\/p>\n<p>Brottsmisstankarna \u00e4r grovt sabotage och f\u00f6rs\u00f6k till grovt sabotage.<\/p>\n<p>          <img decoding=\"async\" class=\"picture__img\" src=\"https:\/\/www.europesays.com\/se\/wp-content\/uploads\/2025\/12\/f8a94f99-2d6f-4e32-beac-58cf7631f256.jpeg\"   alt=\"Polisen utreder h\u00e4ndelsen som grovt sabotage.\"\/><\/p>\n<p>      Polisen utreder h\u00e4ndelsen som grovt sabotage.<\/p>\n<p>      Foto: Kimmo Penttinen\/AFP<\/p>\n<p><strong>En av kablarna<\/strong> som skadades p\u00e5 ny\u00e5rsdagen tillh\u00f6r det svenska telekomf\u00f6retaget Arelion.<\/p>\n<p>P\u00e5 tisdagen skadades en annan av bolagets kablar, som l\u00f6per mellan Estland och Sverige. Enligt den <a href=\"https:\/\/www.justdigi.ee\/en\/news\/connectivity-ensured-despite-faults-five-undersea-cables\" rel=\"nofollow noopener\" target=\"_blank\">estniska regeringen<\/a> berodde g\u00e5rdagens skador sannolikt p\u00e5 v\u00e4derf\u00f6rh\u00e5llanden. Svenska Post- och Telestyrelsen (PTS) ser inget samband mellan brottet p\u00e5 den svensk-estniska kabeln och de som intr\u00e4ffade p\u00e5 ny\u00e5rsafton.<\/p>\n<p>\u2013 Vi vet v\u00e4ldigt lite i dagsl\u00e4get. Men det \u00e4r f\u00f6rh\u00e5llandevis vanligt med skador p\u00e5 kablar b\u00e5de till havs och p\u00e5 land. Ofta handlar det om olycksh\u00e4ndelser, s\u00e4ger Martin Sj\u00f6gren, pressansvarig p\u00e5 Arelion.<\/p>\n<p>Beroende p\u00e5 v\u00e4dret i \u00d6stersj\u00f6n kan skadorna repareras inom ett par dagar, enligt bolaget.<\/p>\n<p>          Fakta.Tidigare skada p\u00e5 svensk-estnisk kabel<\/p>\n<p>\u25cf Den 30 december uppt\u00e4cktes ocks\u00e5 tv\u00e5 brott p\u00e5 en datakabel mellan Estland och Sverige. Enligt Estlands regering \u00e4r v\u00e4derf\u00f6rh\u00e5llandena sannolikt f\u00f6rklaringen till skadorna.<\/p>\n<p>\u25cf Brotten p\u00e5verkar inte svenska kunder, enligt Post- och Telestyrelsen (PTS).<\/p>\n<p>\u201dMen redundans faller bort, s\u00e5 det blir mindre handlingsutrymme fram\u00f6ver ifall n\u00e5got annat skulle falla bort\u201d, s\u00e4ger Anders Wallinder, chef avdelningen f\u00f6r beredskap och s\u00e4kerhetsskydd p\u00e5 PTS, till TT.<\/p>\n<p>\u25cf PTS ser inget samband mellan brotten och kabelskadorna p\u00e5 ny\u00e5rsafton.<\/p>\n<p>            Visa mer<\/p>\n<p>            Visa mindre<\/p>\n<p><strong>Finlands statsminister Petteri Orpo<\/strong> vill inte dra n\u00e5gra f\u00f6rhastade slutsatser, men s\u00e4ger att det intr\u00e4ffade \u00e4r allvarligt. Under dagen har han varit i kontakt med den estniska regeringschefen Kristen Michal,<\/p>\n<p>\u2013 Det \u00e4r f\u00f6rst\u00e5s en allvarlig sak att v\u00e5r kritiska undervattensinfrastruktur har skadats. Det \u00e4r tydligt att detta tas p\u00e5 st\u00f6rsta allvar, s\u00e4ger Orpo till <a href=\"https:\/\/www.iltalehti.fi\/politiikka\/a\/35e2788f-aae7-473b-a044-9726ff709f84\" rel=\"nofollow noopener\" target=\"_blank\">Iltalehti<\/a>.<\/p>\n<p>Finlands president Alexander Stubb f\u00f6ljer utvecklingen tillsammans med regeringen.<\/p>\n<p>\u201dFinland \u00e4r f\u00f6rberett p\u00e5 s\u00e4kerhetsutmaningar av olika slag\u201d, skriver han p\u00e5 X.<\/p>\n<p>Skadorna p\u00e5 kabeln \u00e4r orov\u00e4ckande nyheter, skriver Estlands president Alar Karis.<\/p>\n<p>\u201dF\u00f6rhoppningsvis var det inte en avsiktlig g\u00e4rning, men det kommer utredningen att klarg\u00f6ra\u201d<\/p>\n<p>Vintern 2024-2025 intr\u00e4ffade flera uppm\u00e4rksammade kabelbrott i \u00d6stersj\u00f6n, vilket ledde till misstankar om sabotage. Tv\u00e5 av fallen har under 2025 antingen lagts ned eller avskrivits i domstol.<\/p>\n","protected":false},"excerpt":{"rendered":"Tv\u00e5 kablar f\u00f6r datakommunikation mellan Helsingfors och Tallinn skadades tidigt p\u00e5 ny\u00e5rsafton. Brotten p\u00e5 ledningarna skedde inom estnisk&hellip;\n","protected":false},"author":2,"featured_media":121860,"comment_status":"","ping_status":"","sticky":false,"template":"","format":"standard","meta":{"footnotes":""},"categories":[14],"tags":[22,23,26,27,17,21,24,25,28,29,15,16,18,34,31,33,32,30,19,20,51,52,53,54],"class_list":{"0":"post-121859","1":"post","2":"type-post","3":"status-publish","4":"format-standard","5":"has-post-thumbnail","7":"category-varlden","8":"tag-breaking-news","9":"tag-breakingnews","10":"tag-featured-news","11":"tag-featurednews","12":"tag-headlines","13":"tag-huvudnyheter","14":"tag-latest-news","15":"tag-latestnews","16":"tag-main-news","17":"tag-mainnews","18":"tag-news","19":"tag-nyheter","20":"tag-rubriker","21":"tag-se","22":"tag-svenska","23":"tag-sverige","24":"tag-sweden","25":"tag-swedish","26":"tag-top-stories","27":"tag-topstories","28":"tag-varlden","29":"tag-world","30":"tag-world-news","31":"tag-worldnews"},"share_on_mastodon":{"url":"https:\/\/pubeurope.com\/@se\/115814970345796951","error":""},"_links":{"self":[{"href":"https:\/\/www.europesays.com\/se\/wp-json\/wp\/v2\/posts\/121859","targetHints":{"allow":["GET"]}}],"collection":[{"href":"https:\/\/www.europesays.com\/se\/wp-json\/wp\/v2\/posts"}],"about":[{"href":"https:\/\/www.europesays.com\/se\/wp-json\/wp\/v2\/types\/post"}],"author":[{"embeddable":true,"href":"https:\/\/www.europesays.com\/se\/wp-json\/wp\/v2\/users\/2"}],"replies":[{"embeddable":true,"href":"https:\/\/www.europesays.com\/se\/wp-json\/wp\/v2\/comments?post=121859"}],"version-history":[{"count":0,"href":"https:\/\/www.europesays.com\/se\/wp-json\/wp\/v2\/posts\/121859\/revisions"}],"wp:featuredmedia":[{"embeddable":true,"href":"https:\/\/www.europesays.com\/se\/wp-json\/wp\/v2\/media\/121860"}],"wp:attachment":[{"href":"https:\/\/www.europesays.com\/se\/wp-json\/wp\/v2\/media?parent=121859"}],"wp:term":[{"taxonomy":"category","embeddable":true,"href":"https:\/\/www.europesays.com\/se\/wp-json\/wp\/v2\/categories?post=121859"},{"taxonomy":"post_tag","embeddable":true,"href":"https:\/\/www.europesays.com\/se\/wp-json\/wp\/v2\/tags?post=121859"}],"curies":[{"name":"wp","href":"https:\/\/api.w.org\/{rel}","templated":true}]}}