{"id":121867,"date":"2025-12-31T15:57:06","date_gmt":"2025-12-31T15:57:06","guid":{"rendered":"https:\/\/www.europesays.com\/se\/121867\/"},"modified":"2025-12-31T15:57:06","modified_gmt":"2025-12-31T15:57:06","slug":"sammandrabbningar-under-protesterna-i-iran","status":"publish","type":"post","link":"https:\/\/www.europesays.com\/se\/121867\/","title":{"rendered":"Sammandrabbningar under protesterna i Iran"},"content":{"rendered":"<p>I staden Fasa 78 mil s\u00f6der om Teheran har en folkmassa attackerat provinsguvern\u00f6rens kontor, slagit s\u00f6nder delar av exteri\u00f6ren, startat br\u00e4nder och kastat stenar, rapporterar statligt knutna nyhetsbyr\u00e5n Nour News. <\/p>\n<p>Inspelningar p\u00e5 sociala medier visar hur s\u00e4kerhetsstyrkor skjuter och det finns uppgifter om d\u00f6dsoffer, rapporterar Bloomberg. Den halvofficiella nyhetsbyr\u00e5n Tasnim rapporterar om tre skadade poliser, men tillbakavisar uppgifter om d\u00f6da.<\/p>\n<p>De iranska protesterna som v\u00e4nder sig mot landets usla ekonomi och som samlat tusentals demonstranter p\u00e5 flera h\u00e5ll i landet \u00e4r \u201df\u00f6rst\u00e5eliga\u201d enligt landets riks\u00e5klagare, som samtidigt h\u00f6jer ett varningens finger.<\/p>\n<p>\u2013 Alla f\u00f6rs\u00f6k att f\u00f6rvandla ekonomiska protester till ett verktyg f\u00f6r os\u00e4kerhet, f\u00f6rst\u00f6relse av offentlig egendom eller genomf\u00f6rande av externt utformade scenarier kommer oundvikligen att bem\u00f6tas med ett lagligt, proportionerligt och beslutsamt svar, s\u00e4ger han i statliga medier.<\/p>\n<p>Varningen kommer samtidigt som Israels underr\u00e4ttelsetj\u00e4nst Mossad uppmanar demonstranterna att forts\u00e4tta protestera. P\u00e5 sitt persiskspr\u00e5kiga X-konto skriver Mossad:<\/p>\n<p>\u201dG\u00e5 ut p\u00e5 gatorna tillsammans. Tiden \u00e4r kommen. Vi \u00e4r med er. Inte bara p\u00e5 avst\u00e5nd eller genom ord. Vi \u00e4r ocks\u00e5 med er p\u00e5 plats.\u201d<\/p>\n","protected":false},"excerpt":{"rendered":"I staden Fasa 78 mil s\u00f6der om Teheran har en folkmassa attackerat provinsguvern\u00f6rens kontor, slagit s\u00f6nder delar av&hellip;\n","protected":false},"author":2,"featured_media":121868,"comment_status":"","ping_status":"","sticky":false,"template":"","format":"standard","meta":{"footnotes":""},"categories":[14],"tags":[22,23,26,27,17,21,24,25,28,29,15,16,18,34,31,33,32,30,19,20,51,52,53,54],"class_list":{"0":"post-121867","1":"post","2":"type-post","3":"status-publish","4":"format-standard","5":"has-post-thumbnail","7":"category-varlden","8":"tag-breaking-news","9":"tag-breakingnews","10":"tag-featured-news","11":"tag-featurednews","12":"tag-headlines","13":"tag-huvudnyheter","14":"tag-latest-news","15":"tag-latestnews","16":"tag-main-news","17":"tag-mainnews","18":"tag-news","19":"tag-nyheter","20":"tag-rubriker","21":"tag-se","22":"tag-svenska","23":"tag-sverige","24":"tag-sweden","25":"tag-swedish","26":"tag-top-stories","27":"tag-topstories","28":"tag-varlden","29":"tag-world","30":"tag-world-news","31":"tag-worldnews"},"share_on_mastodon":{"url":"https:\/\/pubeurope.com\/@se\/115815005751021352","error":""},"_links":{"self":[{"href":"https:\/\/www.europesays.com\/se\/wp-json\/wp\/v2\/posts\/121867","targetHints":{"allow":["GET"]}}],"collection":[{"href":"https:\/\/www.europesays.com\/se\/wp-json\/wp\/v2\/posts"}],"about":[{"href":"https:\/\/www.europesays.com\/se\/wp-json\/wp\/v2\/types\/post"}],"author":[{"embeddable":true,"href":"https:\/\/www.europesays.com\/se\/wp-json\/wp\/v2\/users\/2"}],"replies":[{"embeddable":true,"href":"https:\/\/www.europesays.com\/se\/wp-json\/wp\/v2\/comments?post=121867"}],"version-history":[{"count":0,"href":"https:\/\/www.europesays.com\/se\/wp-json\/wp\/v2\/posts\/121867\/revisions"}],"wp:featuredmedia":[{"embeddable":true,"href":"https:\/\/www.europesays.com\/se\/wp-json\/wp\/v2\/media\/121868"}],"wp:attachment":[{"href":"https:\/\/www.europesays.com\/se\/wp-json\/wp\/v2\/media?parent=121867"}],"wp:term":[{"taxonomy":"category","embeddable":true,"href":"https:\/\/www.europesays.com\/se\/wp-json\/wp\/v2\/categories?post=121867"},{"taxonomy":"post_tag","embeddable":true,"href":"https:\/\/www.europesays.com\/se\/wp-json\/wp\/v2\/tags?post=121867"}],"curies":[{"name":"wp","href":"https:\/\/api.w.org\/{rel}","templated":true}]}}