{"id":121869,"date":"2025-12-31T16:02:14","date_gmt":"2025-12-31T16:02:14","guid":{"rendered":"https:\/\/www.europesays.com\/se\/121869\/"},"modified":"2025-12-31T16:02:14","modified_gmt":"2025-12-31T16:02:14","slug":"calle-jarnkrok-malskytt-i-nhl-efter-tva-manaders-torka","status":"publish","type":"post","link":"https:\/\/www.europesays.com\/se\/121869\/","title":{"rendered":"Calle J\u00e4rnkrok m\u00e5lskytt i NHL\u2013 efter tv\u00e5 m\u00e5naders torka"},"content":{"rendered":"<p><strong>Calle J\u00e4rnkrok, 34, ryktas till Bryn\u00e4s.<br \/>Natten till ny\u00e5rsafton gjorde forwarden m\u00e5l f\u00f6r f\u00f6rsta g\u00e5ngen p\u00e5 tv\u00e5 m\u00e5nader, d\u00e5 han n\u00e4tade mot Jacob Markstr\u00f6m och New Jersey Devils.<\/strong><\/p>\n<p><img loading=\"lazy\" decoding=\"async\" width=\"1024\" height=\"717\" src=\"https:\/\/www.europesays.com\/se\/wp-content\/uploads\/2025\/12\/BB251009BB031-1024x717.webp.webp\" alt=\"\" class=\"wp-image-340664\"  \/>J\u00e4rnkrok blev m\u00e5lskytt igen.<br \/>\nFoto: Bildbyr\u00e5n<\/p>\n<p>3-0 m\u00e5let i matchen gjordes av <a href=\"https:\/\/hockeysverige.se\/spelare\/calle-jarnkrok\" rel=\"nofollow noopener\" target=\"_blank\">Calle J\u00e4rnkrok<\/a> och det var hans femte m\u00e5l f\u00f6r s\u00e4songen, men blott f\u00f6rsta sedan den 2 november.<\/p>\n<p>F\u00f6r n\u00e5gra veckor sedan, mitt i m\u00e5ltorkan, rapporterade <a href=\"http:\/\/aftonbladet.se\/sportbladet\/hockey\/a\/Pd3nJ6\/avslojar-calle-jarnkrok-och-brynas-overens-atervander\" rel=\"nofollow noopener\" target=\"_blank\">Aftonbladet<\/a> att J\u00e4rnkrok \u00e4r n\u00e4ra en flytt till <a href=\"https:\/\/hockeysverige.se\/klubb\/brynas-if\" rel=\"nofollow noopener\" target=\"_blank\">Bryn\u00e4s<\/a> till n\u00e4sta s\u00e4song. Kanske kan forwarden forts\u00e4tta att leverera lite m\u00e5l under v\u00e5ren och komma laddad inf\u00f6r n\u00e4sta s\u00e4song. D\u00e5 kommer han att f\u00e5 spela med Jakob Silfverberg och g\u00e4nget, precis som han gjorde innan han flyttade \u00f6ver. <\/p>\n<p>Om det blir s\u00e5, det f\u00e5r vi se. Tills dess beh\u00f6ver <a href=\"https:\/\/hockeysverige.se\/klubb\/toronto-maple-leafs\" rel=\"nofollow noopener\" target=\"_blank\">Toronto Maple Leafs<\/a> f\u00e5 ordning p\u00e5 s\u00e4songen, f\u00e4r det har inte alls g\u00e5tt bra. D\u00e5 var 4\u20130 segern mot <a href=\"https:\/\/hockeysverige.se\/spelare\/jacob-markstrom\" rel=\"nofollow noopener\" target=\"_blank\">Jacob Markstr\u00f6ms<\/a> <a href=\"https:\/\/hockeysverige.se\/klubb\/new-jersey-devils\" rel=\"nofollow noopener\" target=\"_blank\">New Jersey Devils<\/a> i natt ett kliv p\u00e5 v\u00e4gen i alla fall.<\/p>\n<p> Source: <a href=\"https:\/\/www.eliteprospects.com\/player\/6020\/calle-jarnkrok\" target=\"_blank\" rel=\"noopener noreferrer nofollow\">Calle J\u00e4rnkrok<\/a> @ Elite Prospects<\/p>\n","protected":false},"excerpt":{"rendered":"Calle J\u00e4rnkrok, 34, ryktas till Bryn\u00e4s.Natten till ny\u00e5rsafton gjorde forwarden m\u00e5l f\u00f6r f\u00f6rsta g\u00e5ngen p\u00e5 tv\u00e5 m\u00e5nader, d\u00e5&hellip;\n","protected":false},"author":2,"featured_media":121870,"comment_status":"","ping_status":"","sticky":false,"template":"","format":"standard","meta":{"footnotes":""},"categories":[68],"tags":[247,34,133,111,110,31,33,32,30],"class_list":{"0":"post-121869","1":"post","2":"type-post","3":"status-publish","4":"format-standard","5":"has-post-thumbnail","7":"category-sport","8":"tag-nhl","9":"tag-se","10":"tag-second-news","11":"tag-sport","12":"tag-sports","13":"tag-svenska","14":"tag-sverige","15":"tag-sweden","16":"tag-swedish"},"share_on_mastodon":{"url":"https:\/\/pubeurope.com\/@se\/115815025521482232","error":""},"_links":{"self":[{"href":"https:\/\/www.europesays.com\/se\/wp-json\/wp\/v2\/posts\/121869","targetHints":{"allow":["GET"]}}],"collection":[{"href":"https:\/\/www.europesays.com\/se\/wp-json\/wp\/v2\/posts"}],"about":[{"href":"https:\/\/www.europesays.com\/se\/wp-json\/wp\/v2\/types\/post"}],"author":[{"embeddable":true,"href":"https:\/\/www.europesays.com\/se\/wp-json\/wp\/v2\/users\/2"}],"replies":[{"embeddable":true,"href":"https:\/\/www.europesays.com\/se\/wp-json\/wp\/v2\/comments?post=121869"}],"version-history":[{"count":0,"href":"https:\/\/www.europesays.com\/se\/wp-json\/wp\/v2\/posts\/121869\/revisions"}],"wp:featuredmedia":[{"embeddable":true,"href":"https:\/\/www.europesays.com\/se\/wp-json\/wp\/v2\/media\/121870"}],"wp:attachment":[{"href":"https:\/\/www.europesays.com\/se\/wp-json\/wp\/v2\/media?parent=121869"}],"wp:term":[{"taxonomy":"category","embeddable":true,"href":"https:\/\/www.europesays.com\/se\/wp-json\/wp\/v2\/categories?post=121869"},{"taxonomy":"post_tag","embeddable":true,"href":"https:\/\/www.europesays.com\/se\/wp-json\/wp\/v2\/tags?post=121869"}],"curies":[{"name":"wp","href":"https:\/\/api.w.org\/{rel}","templated":true}]}}