{"id":121873,"date":"2025-12-31T16:06:18","date_gmt":"2025-12-31T16:06:18","guid":{"rendered":"https:\/\/www.europesays.com\/se\/121873\/"},"modified":"2025-12-31T16:06:18","modified_gmt":"2025-12-31T16:06:18","slug":"ranare-borrade-sig-in-i-bankvalv-kom-over-30-miljoner-hufvudstadsbladet-2","status":"publish","type":"post","link":"https:\/\/www.europesays.com\/se\/121873\/","title":{"rendered":"R\u00e5nare borrade sig in i bankvalv \u2013 kom \u00f6ver 30 miljoner \u2013 Hufvudstadsbladet"},"content":{"rendered":"<p>Kuppen \u00e4gde rum i v\u00e4stligt bel\u00e4gna staden Gelsenkirchen och g\u00e4rningspersonerna ska ha lyckats l\u00e4nsa \u00f6ver 3 000 fack som inneh\u00f6ll pengar, juveler och guld inuti valvet.<\/p>\n<p>Polisens utredare bed\u00f6mer att r\u00e5narna tillbringade en stor del av den g\u00e5ngna helgen inuti valvet i sitt arbete med att bryta upp s\u00e4kerhetsfacken. F\u00f6rst tidigt i m\u00e5ndags morse gick det upp f\u00f6r myndigheterna vad som hade skett n\u00e4r ett brandlarm gick i g\u00e5ng och brandk\u00e5r och ambulans anl\u00e4nde till platsen och uppt\u00e4ckte h\u00e5let.<\/p>\n<p>En polisk\u00e4lla uppger f\u00f6r AFP att inbrottet var \u201dmycket professionellt utf\u00f6rt\u201d och liknar det vid Hollywoodfilmen \u201dOceans Eleven\u201d.<\/p>\n<p>\u2013 En stor m\u00e4ngd f\u00f6rkunskaper och\/eller en stor m\u00e4ngd kriminella kr\u00e4vs f\u00f6r att kunna planera och genomf\u00f6ra n\u00e5got s\u00e5dant h\u00e4r, s\u00e4ger k\u00e4llan.<\/p>\n<p>R\u00e5narligan \u00e4r \u00e4nnu p\u00e5 fri fot.<\/p>\n","protected":false},"excerpt":{"rendered":"Kuppen \u00e4gde rum i v\u00e4stligt bel\u00e4gna staden Gelsenkirchen och g\u00e4rningspersonerna ska ha lyckats l\u00e4nsa \u00f6ver 3 000 fack&hellip;\n","protected":false},"author":2,"featured_media":121352,"comment_status":"","ping_status":"","sticky":false,"template":"","format":"standard","meta":{"footnotes":""},"categories":[14],"tags":[22,23,26,27,17,21,24,25,28,29,15,16,18,34,31,33,32,30,19,20,51,52,53,54],"class_list":{"0":"post-121873","1":"post","2":"type-post","3":"status-publish","4":"format-standard","5":"has-post-thumbnail","7":"category-varlden","8":"tag-breaking-news","9":"tag-breakingnews","10":"tag-featured-news","11":"tag-featurednews","12":"tag-headlines","13":"tag-huvudnyheter","14":"tag-latest-news","15":"tag-latestnews","16":"tag-main-news","17":"tag-mainnews","18":"tag-news","19":"tag-nyheter","20":"tag-rubriker","21":"tag-se","22":"tag-svenska","23":"tag-sverige","24":"tag-sweden","25":"tag-swedish","26":"tag-top-stories","27":"tag-topstories","28":"tag-varlden","29":"tag-world","30":"tag-world-news","31":"tag-worldnews"},"share_on_mastodon":{"url":"https:\/\/pubeurope.com\/@se\/115815041091596686","error":""},"_links":{"self":[{"href":"https:\/\/www.europesays.com\/se\/wp-json\/wp\/v2\/posts\/121873","targetHints":{"allow":["GET"]}}],"collection":[{"href":"https:\/\/www.europesays.com\/se\/wp-json\/wp\/v2\/posts"}],"about":[{"href":"https:\/\/www.europesays.com\/se\/wp-json\/wp\/v2\/types\/post"}],"author":[{"embeddable":true,"href":"https:\/\/www.europesays.com\/se\/wp-json\/wp\/v2\/users\/2"}],"replies":[{"embeddable":true,"href":"https:\/\/www.europesays.com\/se\/wp-json\/wp\/v2\/comments?post=121873"}],"version-history":[{"count":0,"href":"https:\/\/www.europesays.com\/se\/wp-json\/wp\/v2\/posts\/121873\/revisions"}],"wp:featuredmedia":[{"embeddable":true,"href":"https:\/\/www.europesays.com\/se\/wp-json\/wp\/v2\/media\/121352"}],"wp:attachment":[{"href":"https:\/\/www.europesays.com\/se\/wp-json\/wp\/v2\/media?parent=121873"}],"wp:term":[{"taxonomy":"category","embeddable":true,"href":"https:\/\/www.europesays.com\/se\/wp-json\/wp\/v2\/categories?post=121873"},{"taxonomy":"post_tag","embeddable":true,"href":"https:\/\/www.europesays.com\/se\/wp-json\/wp\/v2\/tags?post=121873"}],"curies":[{"name":"wp","href":"https:\/\/api.w.org\/{rel}","templated":true}]}}