{"id":121874,"date":"2025-12-31T16:10:07","date_gmt":"2025-12-31T16:10:07","guid":{"rendered":"https:\/\/www.europesays.com\/se\/121874\/"},"modified":"2025-12-31T16:10:07","modified_gmt":"2025-12-31T16:10:07","slug":"bandy-hammarby-vande-0-2-i-vasteras-efter-nyarsfyrverkeri-sjukt-att-vi-vinner","status":"publish","type":"post","link":"https:\/\/www.europesays.com\/se\/121874\/","title":{"rendered":"Bandy: Hammarby v\u00e4nde 0\u20132 i V\u00e4ster\u00e5s efter ny\u00e5rsfyrverkeri: \u201dSjukt att vi vinner\u201d"},"content":{"rendered":"<p>\u2013 Vi best\u00e4mmer oss n\u00e5nstans, r\u00e4ttar till lite saker och hittar r\u00e4tt ytor, en bra andra halvlek framf\u00f6rallt, s\u00e4ger Hammarbys Gustav Friman i Expressens s\u00e4ndning.<\/p>\n<p>Det var en viktig seger f\u00f6r att n\u00e5 kvartsfinal direkt f\u00f6r tabellfemman Hammarby som nu bara \u00e4r en po\u00e4ng efter trean V\u00e4ster\u00e5s.<\/p>\n<p>\u2013 Det \u00e4r speciellt att komma hit, jag har nog aldrig spelat en match h\u00e4r d\u00e4r VSK varit d\u00e5liga. Sen \u00e4r det starkt av oss i andra att vi h\u00e5ller undan. Jag sa det tidigare att det \u00e4r lite sjukt att vi vinner den h\u00e4r matchen, s\u00e4ger Friman.<\/p>\n<p>Serieledande Villa Lidk\u00f6ping vann med 5\u20134 mot V\u00e4nersborg p\u00e5 bortaplan. Ett l\u00e5gt st\u00e5ende V\u00e4nersborg l\u00e4t Villa ha bollen mest hela tiden, vilket st\u00f6rde. <\/p>\n<p>\u2013 Topp tre \u00f6ver sjukaste jag spelat. Jag har nog aldrig sett ett lag f\u00f6rsvara sig p\u00e5 det h\u00e4r s\u00e4ttet. Det var tufft in i det sista och sk\u00f6nt med tv\u00e5 po\u00e4ng i \u00e5rets sista match, <a href=\"https:\/\/www.bandypuls.se\/2025-12-31\/villas-stjarna-om-ifk-taktiken-topp-tre-sjukaste-jag-spelat\/\" rel=\"nofollow noopener\" target=\"_blank\">s\u00e4ger Villas Felix Pherson enligt Bandypuls.<\/a><\/p>\n","protected":false},"excerpt":{"rendered":"\u2013 Vi best\u00e4mmer oss n\u00e5nstans, r\u00e4ttar till lite saker och hittar r\u00e4tt ytor, en bra andra halvlek framf\u00f6rallt,&hellip;\n","protected":false},"author":2,"featured_media":121875,"comment_status":"","ping_status":"","sticky":false,"template":"","format":"standard","meta":{"footnotes":""},"categories":[68],"tags":[34,111,110,31,33,32,30],"class_list":{"0":"post-121874","1":"post","2":"type-post","3":"status-publish","4":"format-standard","5":"has-post-thumbnail","7":"category-sport","8":"tag-se","9":"tag-sport","10":"tag-sports","11":"tag-svenska","12":"tag-sverige","13":"tag-sweden","14":"tag-swedish"},"share_on_mastodon":{"url":"https:\/\/pubeurope.com\/@se\/115815056897601781","error":""},"_links":{"self":[{"href":"https:\/\/www.europesays.com\/se\/wp-json\/wp\/v2\/posts\/121874","targetHints":{"allow":["GET"]}}],"collection":[{"href":"https:\/\/www.europesays.com\/se\/wp-json\/wp\/v2\/posts"}],"about":[{"href":"https:\/\/www.europesays.com\/se\/wp-json\/wp\/v2\/types\/post"}],"author":[{"embeddable":true,"href":"https:\/\/www.europesays.com\/se\/wp-json\/wp\/v2\/users\/2"}],"replies":[{"embeddable":true,"href":"https:\/\/www.europesays.com\/se\/wp-json\/wp\/v2\/comments?post=121874"}],"version-history":[{"count":0,"href":"https:\/\/www.europesays.com\/se\/wp-json\/wp\/v2\/posts\/121874\/revisions"}],"wp:featuredmedia":[{"embeddable":true,"href":"https:\/\/www.europesays.com\/se\/wp-json\/wp\/v2\/media\/121875"}],"wp:attachment":[{"href":"https:\/\/www.europesays.com\/se\/wp-json\/wp\/v2\/media?parent=121874"}],"wp:term":[{"taxonomy":"category","embeddable":true,"href":"https:\/\/www.europesays.com\/se\/wp-json\/wp\/v2\/categories?post=121874"},{"taxonomy":"post_tag","embeddable":true,"href":"https:\/\/www.europesays.com\/se\/wp-json\/wp\/v2\/tags?post=121874"}],"curies":[{"name":"wp","href":"https:\/\/api.w.org\/{rel}","templated":true}]}}