{"id":121880,"date":"2025-12-31T16:16:17","date_gmt":"2025-12-31T16:16:17","guid":{"rendered":"https:\/\/www.europesays.com\/se\/121880\/"},"modified":"2025-12-31T16:16:17","modified_gmt":"2025-12-31T16:16:17","slug":"polisen-fyrverkerier-olagliga-i-norrkoping","status":"publish","type":"post","link":"https:\/\/www.europesays.com\/se\/121880\/","title":{"rendered":"Polisen: Fyrverkerier olagliga i Norrk\u00f6ping"},"content":{"rendered":"<p>De senaste veckorna har det sm\u00e4llts friskt i Norrk\u00f6ping \u2013 trots att det fortfarande \u00e4r f\u00f6rbjudet.\u2013 Men det har redan varit oerh\u00f6rt m\u00e5nga larm om sm\u00e4llare \u00f6verallt. Vi kan om\u00f6jligt \u00e5ka p\u00e5 alla \u2013 men vi f\u00f6rs\u00f6ker. Sj\u00e4lvklart ska allm\u00e4nheten anm\u00e4la och ringa in om det p\u00e5g\u00e5r. Sm\u00e4llare och fyrverkerier orsakar stor oro i samh\u00e4llet, s\u00e4ger Mats Pettersson.Att det skett explos<\/p>\n","protected":false},"excerpt":{"rendered":"De senaste veckorna har det sm\u00e4llts friskt i Norrk\u00f6ping \u2013 trots att det fortfarande \u00e4r f\u00f6rbjudet.\u2013 Men det&hellip;\n","protected":false},"author":2,"featured_media":121881,"comment_status":"","ping_status":"","sticky":false,"template":"","format":"standard","meta":{"footnotes":""},"categories":[5],"tags":[22,23,26,27,17,21,24,25,28,29,15,16,18,34,31,33,32,30,19,20],"class_list":{"0":"post-121880","1":"post","2":"type-post","3":"status-publish","4":"format-standard","5":"has-post-thumbnail","7":"category-rubriker","8":"tag-breaking-news","9":"tag-breakingnews","10":"tag-featured-news","11":"tag-featurednews","12":"tag-headlines","13":"tag-huvudnyheter","14":"tag-latest-news","15":"tag-latestnews","16":"tag-main-news","17":"tag-mainnews","18":"tag-news","19":"tag-nyheter","20":"tag-rubriker","21":"tag-se","22":"tag-svenska","23":"tag-sverige","24":"tag-sweden","25":"tag-swedish","26":"tag-top-stories","27":"tag-topstories"},"share_on_mastodon":{"url":"https:\/\/pubeurope.com\/@se\/115815080414869700","error":""},"_links":{"self":[{"href":"https:\/\/www.europesays.com\/se\/wp-json\/wp\/v2\/posts\/121880","targetHints":{"allow":["GET"]}}],"collection":[{"href":"https:\/\/www.europesays.com\/se\/wp-json\/wp\/v2\/posts"}],"about":[{"href":"https:\/\/www.europesays.com\/se\/wp-json\/wp\/v2\/types\/post"}],"author":[{"embeddable":true,"href":"https:\/\/www.europesays.com\/se\/wp-json\/wp\/v2\/users\/2"}],"replies":[{"embeddable":true,"href":"https:\/\/www.europesays.com\/se\/wp-json\/wp\/v2\/comments?post=121880"}],"version-history":[{"count":0,"href":"https:\/\/www.europesays.com\/se\/wp-json\/wp\/v2\/posts\/121880\/revisions"}],"wp:featuredmedia":[{"embeddable":true,"href":"https:\/\/www.europesays.com\/se\/wp-json\/wp\/v2\/media\/121881"}],"wp:attachment":[{"href":"https:\/\/www.europesays.com\/se\/wp-json\/wp\/v2\/media?parent=121880"}],"wp:term":[{"taxonomy":"category","embeddable":true,"href":"https:\/\/www.europesays.com\/se\/wp-json\/wp\/v2\/categories?post=121880"},{"taxonomy":"post_tag","embeddable":true,"href":"https:\/\/www.europesays.com\/se\/wp-json\/wp\/v2\/tags?post=121880"}],"curies":[{"name":"wp","href":"https:\/\/api.w.org\/{rel}","templated":true}]}}