{"id":121884,"date":"2025-12-31T16:19:07","date_gmt":"2025-12-31T16:19:07","guid":{"rendered":"https:\/\/www.europesays.com\/se\/121884\/"},"modified":"2025-12-31T16:19:07","modified_gmt":"2025-12-31T16:19:07","slug":"recension-regn-over-babel-film","status":"publish","type":"post","link":"https:\/\/www.europesays.com\/se\/121884\/","title":{"rendered":"Recension: Regn \u00f6ver Babel (Film)"},"content":{"rendered":"<p>\u201dIbland \u00e4r det b\u00e4ttre att kasta sig ut i tomma intet, och l\u00e5ta det som brinner brinna.\u201d <\/p>\n<p>Med det mottot sammanstr\u00e5lar en grupp samh\u00e4llets olycksbarn p\u00e5 sunkhaket Babel f\u00f6r att f\u00f6rtr\u00e4nga sina trauman och bida sin tid. Platsen \u00e4r Cali i Colombia och baren tj\u00e4nstg\u00f6r ocks\u00e5 som sk\u00e4rseld d\u00e4r olika eldiga excesser f\u00f6rhoppningsvis kan lindra bes\u00f6karnas \u00e5ngest. \u00c4nd\u00e5 ekar h\u00e4r mindre av Dante och \u201dDen gudomliga komedin\u201d \u00e4n av \u201dDet sjunde inseglet\u201d. <\/p>\n","protected":false},"excerpt":{"rendered":"\u201dIbland \u00e4r det b\u00e4ttre att kasta sig ut i tomma intet, och l\u00e5ta det som brinner brinna.\u201d Med&hellip;\n","protected":false},"author":2,"featured_media":121885,"comment_status":"","ping_status":"","sticky":false,"template":"","format":"standard","meta":{"footnotes":""},"categories":[67],"tags":[104,34,31,33,32,30,105],"class_list":{"0":"post-121884","1":"post","2":"type-post","3":"status-publish","4":"format-standard","5":"has-post-thumbnail","7":"category-underhallning","8":"tag-entertainment","9":"tag-se","10":"tag-svenska","11":"tag-sverige","12":"tag-sweden","13":"tag-swedish","14":"tag-underhallning"},"share_on_mastodon":{"url":"https:\/\/pubeurope.com\/@se\/115815092191241925","error":""},"_links":{"self":[{"href":"https:\/\/www.europesays.com\/se\/wp-json\/wp\/v2\/posts\/121884","targetHints":{"allow":["GET"]}}],"collection":[{"href":"https:\/\/www.europesays.com\/se\/wp-json\/wp\/v2\/posts"}],"about":[{"href":"https:\/\/www.europesays.com\/se\/wp-json\/wp\/v2\/types\/post"}],"author":[{"embeddable":true,"href":"https:\/\/www.europesays.com\/se\/wp-json\/wp\/v2\/users\/2"}],"replies":[{"embeddable":true,"href":"https:\/\/www.europesays.com\/se\/wp-json\/wp\/v2\/comments?post=121884"}],"version-history":[{"count":0,"href":"https:\/\/www.europesays.com\/se\/wp-json\/wp\/v2\/posts\/121884\/revisions"}],"wp:featuredmedia":[{"embeddable":true,"href":"https:\/\/www.europesays.com\/se\/wp-json\/wp\/v2\/media\/121885"}],"wp:attachment":[{"href":"https:\/\/www.europesays.com\/se\/wp-json\/wp\/v2\/media?parent=121884"}],"wp:term":[{"taxonomy":"category","embeddable":true,"href":"https:\/\/www.europesays.com\/se\/wp-json\/wp\/v2\/categories?post=121884"},{"taxonomy":"post_tag","embeddable":true,"href":"https:\/\/www.europesays.com\/se\/wp-json\/wp\/v2\/tags?post=121884"}],"curies":[{"name":"wp","href":"https:\/\/api.w.org\/{rel}","templated":true}]}}