{"id":121888,"date":"2025-12-31T16:26:07","date_gmt":"2025-12-31T16:26:07","guid":{"rendered":"https:\/\/www.europesays.com\/se\/121888\/"},"modified":"2025-12-31T16:26:07","modified_gmt":"2025-12-31T16:26:07","slug":"dubbla-pallplatser-for-damerna-i-den-nya-distansen-i-tour-de-ski-svenska-skidforbundet","status":"publish","type":"post","link":"https:\/\/www.europesays.com\/se\/121888\/","title":{"rendered":"Dubbla pallplatser f\u00f6r damerna i den nya distansen i Tour de Ski &#8211; Svenska Skidf\u00f6rbundet"},"content":{"rendered":"<ol>\n<li><a href=\"https:\/\/news.google.com\/rss\/articles\/CBMizAFBVV95cUxQZnZHYkdwNEszQ3NneGRHMk5yQ254NTUxZWZHVEJRYjMzQ3pId3llOWhwQ1hOMFpVcDk2QmN4VF9UanFYVjE2d2NzQVJ3NE1ySk1kdU1fSjh4VjVteHZ3QktEZ3hVUTltSVV4d0lEZlZUQUJKcVZNaGpmbXBhQTl1UnpDcEQ1YWFzYjFzaW52SnYzbnBXZ0FnaDNZMXJFNjRYT2h4ejE2YzlwN0xXcEZLSWFWOFpIcUdHMjFQd3FsZ094QWZHYWdtc1BXeDM?oc=5\" target=\"_blank\" rel=\"nofollow noopener\">Dubbla pallplatser f\u00f6r damerna i den nya distansen i Tour de Ski<\/a>&nbsp;&nbsp;Svenska Skidf\u00f6rbundet<\/li>\n<li><a href=\"https:\/\/news.google.com\/rss\/articles\/CBMiiwFBVV95cUxQQUxDWEFNQkk5UHl3OHFNSFJBcDJYOXp2MXUxRmpYQWp2bUwyUnA2SEhCUklZS19OdHFGNVlxdTQ0TVZVZHJZU1diTHZnSExRS3EyV0VJUTMzWDU4TGtwVklZZkNNZFdwV3dtaTAwMWNYX0hnNlpMQ25Xa3dZQ2NGbFp2bFNwS19aODdB?oc=5\" target=\"_blank\" rel=\"nofollow noopener\">Kollaps f\u00f6r Frida \u2013 blev efterlyst i tv<\/a>&nbsp;&nbsp;Expressen<\/li>\n<li><a href=\"https:\/\/news.google.com\/rss\/articles\/CBMipwFBVV95cUxONEQtMzRUdTFUeWlVdW4xMUxVOGpMWDJIQ28weEF2VmgxQ0J6UGVyWUpTQ3N1QlFFS2Z2NW4yUXlYaTdMUXhJWnYwbGEySzN6ZVpNT1doQnY1eXhlM1NXTkY2ajl2aE5FdWhidDVvTzBDM0dUN0dyTWZtV0dhUUNFMFRNQmI4RjFBbDdtV0xZOXN6QmszUDFnV1M1a2lOb2RqUWd5WXhIZw?oc=5\" target=\"_blank\" rel=\"nofollow noopener\">Vintersport: Tunga lopp f\u00f6r Eric Rosj\u00f6 och Truls Gisselman \u2013 jagar OS-platser: \u201dSurt\u201d<\/a>&nbsp;&nbsp;SVT Nyheter<\/li>\n<li><a href=\"https:\/\/news.google.com\/rss\/articles\/CBMiekFVX3lxTE9BdEp5aXpSU2NhTEEzaEVEY3NBLWJ2eXRXaUZOTUlDU19oQXVzMFRwZTQ3RmtZNGdlRHZIYnN0amNDZWg5NjBzeENUZlhZU016OWxDN2FyQUtFb2tGdTJ0UGJ1ZnpWRHdsOWRleGJTR3B6cEpodUVOZFJn?oc=5\" target=\"_blank\" rel=\"nofollow noopener\">Tungt f\u00f6r svenskorna \u2013 s\u00e5 gick det f\u00f6r Hagstr\u00f6m<\/a>&nbsp;&nbsp;Bor\u00e5s Tidning<\/li>\n<li><a href=\"https:\/\/news.google.com\/rss\/articles\/CBMia0FVX3lxTE9IczhxVnpPR2hUcUJDRHp0NTRaR094aXJYT1FERWFZY2t6VGxMNnFZenE0SVBFVGNPcmtzNWxBb3VnRE9mRXMxS2pULUJiY3A2RzBydE5ib0dQT1A2SHNLQzR1T2NHcUw1bjZR?oc=5\" target=\"_blank\" rel=\"nofollow noopener\">Karlsson missade pallen i touren<\/a>&nbsp;&nbsp;Aftonbladet<\/li>\n<\/ol>\n","protected":false},"excerpt":{"rendered":"Dubbla pallplatser f\u00f6r damerna i den nya distansen i Tour de Ski&nbsp;&nbsp;Svenska Skidf\u00f6rbundet Kollaps f\u00f6r Frida \u2013 blev&hellip;\n","protected":false},"author":2,"featured_media":121889,"comment_status":"","ping_status":"","sticky":false,"template":"","format":"standard","meta":{"footnotes":""},"categories":[68],"tags":[34,111,110,31,33,32,30],"class_list":{"0":"post-121888","1":"post","2":"type-post","3":"status-publish","4":"format-standard","5":"has-post-thumbnail","7":"category-sport","8":"tag-se","9":"tag-sport","10":"tag-sports","11":"tag-svenska","12":"tag-sverige","13":"tag-sweden","14":"tag-swedish"},"share_on_mastodon":{"url":"https:\/\/pubeurope.com\/@se\/115815119939910364","error":""},"_links":{"self":[{"href":"https:\/\/www.europesays.com\/se\/wp-json\/wp\/v2\/posts\/121888","targetHints":{"allow":["GET"]}}],"collection":[{"href":"https:\/\/www.europesays.com\/se\/wp-json\/wp\/v2\/posts"}],"about":[{"href":"https:\/\/www.europesays.com\/se\/wp-json\/wp\/v2\/types\/post"}],"author":[{"embeddable":true,"href":"https:\/\/www.europesays.com\/se\/wp-json\/wp\/v2\/users\/2"}],"replies":[{"embeddable":true,"href":"https:\/\/www.europesays.com\/se\/wp-json\/wp\/v2\/comments?post=121888"}],"version-history":[{"count":0,"href":"https:\/\/www.europesays.com\/se\/wp-json\/wp\/v2\/posts\/121888\/revisions"}],"wp:featuredmedia":[{"embeddable":true,"href":"https:\/\/www.europesays.com\/se\/wp-json\/wp\/v2\/media\/121889"}],"wp:attachment":[{"href":"https:\/\/www.europesays.com\/se\/wp-json\/wp\/v2\/media?parent=121888"}],"wp:term":[{"taxonomy":"category","embeddable":true,"href":"https:\/\/www.europesays.com\/se\/wp-json\/wp\/v2\/categories?post=121888"},{"taxonomy":"post_tag","embeddable":true,"href":"https:\/\/www.europesays.com\/se\/wp-json\/wp\/v2\/tags?post=121888"}],"curies":[{"name":"wp","href":"https:\/\/api.w.org\/{rel}","templated":true}]}}