{"id":121890,"date":"2025-12-31T16:27:07","date_gmt":"2025-12-31T16:27:07","guid":{"rendered":"https:\/\/www.europesays.com\/se\/121890\/"},"modified":"2025-12-31T16:27:07","modified_gmt":"2025-12-31T16:27:07","slug":"vinterns-sprakande-storfilm-drog-hem-mer-an-500-miljoner-dollar-snart-kan-du-se-wicked-for-good-hemma","status":"publish","type":"post","link":"https:\/\/www.europesays.com\/se\/121890\/","title":{"rendered":"Vinterns sprakande storfilm drog hem mer \u00e4n 500 miljoner dollar \u2013 snart kan du se &#8221;Wicked: For Good&#8221; hemma"},"content":{"rendered":"<p>\u201dWicked: For Good\u201d \u00e4r den efterl\u00e4ngtade uppf\u00f6ljaren till musikalfilmen \u201dWicked\u201d, och det andra kapitlet i samma historia.<\/p>\n<p>Filmen gick upp p\u00e5 biograferna i november i \u00e5r, och utspelar sig i landet Oz. Den ger oss forts\u00e4ttningen p\u00e5 historien om Elphaba och Glinda, som nu \u00e4r mer k\u00e4nda som den elaka h\u00e4xan fr\u00e5n v\u00e4st och Glinda den goda.<\/p>\n<p>L\u00e4s ocks\u00e5: <a href=\"https:\/\/www.moviezine.se\/nyheter\/james-cameron-avslojar-kunde-ha-regisserat-wicked\" title=\"James Cameron avsl\u00f6jar \u2013 kunde ha regisserat \u201dWicked\u201d\" class=\"underline-custom !font-montserrat !font-bold !underline-offset-4 !decoration-4 !decoration-moviezine-green !text-md\" rel=\"nofollow noopener\" target=\"_blank\">James Cameron avsl\u00f6jar \u2013 kunde ha regisserat \u201dWicked\u201d<\/a><\/p>\n<p>V\u00e5r recensent Katarina Emg\u00e5rd var allt annat \u00e4n imponerad, och beskrev uppf\u00f6ljare som \u201den cyklon av sentimentala BFF-scener, flygande CGI-apor och en s\u00e5 barnv\u00e4nlig k\u00e4rlekshistoria att en kyss tycks lika f\u00f6rbjuden som den h\u00e5rdaste BDSM-session.\u201d <\/p>\n<p>Hon menar ocks\u00e5 att humorn g\u00e5r f\u00f6rlorad, att det blir en spretig lektion om propaganda, och att det inte finns n\u00e5got musikalnummer som kan matcha \u201dDefying Gravity\u201d.<\/p>\n<p>Men trots det hittade publiken till biograferna. \u201dWicked: For good\u201d kunde stoltsera med att f\u00e5 den b\u00e4sta \u00f6ppningshelgen f\u00f6r en Broadway-adaption, och tj\u00e4nade totalt in 506 miljoner dollar v\u00e4rlden \u00f6ver.<\/p>\n<p>Fr\u00e5n och med m\u00e5ndagen den 5 januari \u201dWicked: For Good\u201d tillg\u00e4nglig p\u00e5 video on demand-tj\u00e4nster, som till exempel SF Anytime.<\/p>\n<p>L\u00e4s ocks\u00e5: <a href=\"https:\/\/www.moviezine.se\/nyheter\/glom-wicked-nu-blir-sagan-om-oz-blodig-skrackfilm\" title=\"Gl\u00f6m \u201dWicked\u201d \u2013 nu blir sagan om Oz blodig skr\u00e4ckfilm\" class=\"underline-custom !font-montserrat !font-bold !underline-offset-4 !decoration-4 !decoration-moviezine-green !text-md\" rel=\"nofollow noopener\" target=\"_blank\">Gl\u00f6m \u201dWicked\u201d \u2013 nu blir sagan om Oz blodig skr\u00e4ckfilm<\/a><\/p>\n<p>Kolla in trailern till \u201dWicked: For Good\u201d h\u00e4r:<\/p>\n<p><img loading=\"lazy\" decoding=\"async\" alt=\"YouTube video\" width=\"480\" height=\"360\" data-pin-nopin=\"true\" nopin=\"nopin\" class=\"perfmatters-lazy\" src=\"https:\/\/www.europesays.com\/se\/wp-content\/uploads\/2025\/12\/1767198427_351_hqdefault.jpg\"\/><\/p>\n","protected":false},"excerpt":{"rendered":"\u201dWicked: For Good\u201d \u00e4r den efterl\u00e4ngtade uppf\u00f6ljaren till musikalfilmen \u201dWicked\u201d, och det andra kapitlet i samma historia. Filmen&hellip;\n","protected":false},"author":2,"featured_media":121891,"comment_status":"","ping_status":"","sticky":false,"template":"","format":"standard","meta":{"footnotes":""},"categories":[67],"tags":[2372,104,34,31,33,32,30,105],"class_list":{"0":"post-121890","1":"post","2":"type-post","3":"status-publish","4":"format-standard","5":"has-post-thumbnail","7":"category-underhallning","8":"tag-digitalpremiar","9":"tag-entertainment","10":"tag-se","11":"tag-svenska","12":"tag-sverige","13":"tag-sweden","14":"tag-swedish","15":"tag-underhallning"},"share_on_mastodon":{"url":"https:\/\/pubeurope.com\/@se\/115815123669103981","error":""},"_links":{"self":[{"href":"https:\/\/www.europesays.com\/se\/wp-json\/wp\/v2\/posts\/121890","targetHints":{"allow":["GET"]}}],"collection":[{"href":"https:\/\/www.europesays.com\/se\/wp-json\/wp\/v2\/posts"}],"about":[{"href":"https:\/\/www.europesays.com\/se\/wp-json\/wp\/v2\/types\/post"}],"author":[{"embeddable":true,"href":"https:\/\/www.europesays.com\/se\/wp-json\/wp\/v2\/users\/2"}],"replies":[{"embeddable":true,"href":"https:\/\/www.europesays.com\/se\/wp-json\/wp\/v2\/comments?post=121890"}],"version-history":[{"count":0,"href":"https:\/\/www.europesays.com\/se\/wp-json\/wp\/v2\/posts\/121890\/revisions"}],"wp:featuredmedia":[{"embeddable":true,"href":"https:\/\/www.europesays.com\/se\/wp-json\/wp\/v2\/media\/121891"}],"wp:attachment":[{"href":"https:\/\/www.europesays.com\/se\/wp-json\/wp\/v2\/media?parent=121890"}],"wp:term":[{"taxonomy":"category","embeddable":true,"href":"https:\/\/www.europesays.com\/se\/wp-json\/wp\/v2\/categories?post=121890"},{"taxonomy":"post_tag","embeddable":true,"href":"https:\/\/www.europesays.com\/se\/wp-json\/wp\/v2\/tags?post=121890"}],"curies":[{"name":"wp","href":"https:\/\/api.w.org\/{rel}","templated":true}]}}